{"id":1309,"date":"2021-03-08T10:52:26","date_gmt":"2021-03-08T09:52:26","guid":{"rendered":"https:\/\/www.pefc.cat\/?p=1309"},"modified":"2021-04-27T13:15:45","modified_gmt":"2021-04-27T11:15:45","slug":"las-mujeres-y-los-objetivos-de-desarrollo-sostenible-ods","status":"publish","type":"post","link":"https:\/\/www.pefc.cat\/es\/las-mujeres-y-los-objetivos-de-desarrollo-sostenible-ods\/","title":{"rendered":"Las mujeres y los Objetivos de Desarrollo Sostenible (ODS)"},"content":{"rendered":"","protected":false},"excerpt":{"rendered":"<p>La\u00a0Agenda 2030 para el Desarrollo Sostenible\u00a0y sus\u00a017 Objetivos de Desarrollo Sostenible\u00a0(ODS), aprobados por los dirigentes mundiales en 2015, propone una hoja de ruta para lograr progreso sostenible que no deje a nadie atr\u00e1s.<\/p>\n<p>La igualdad de g\u00e9nero es un derecho. La realizaci\u00f3n de este derecho es la mejor oportunidad que existe para afrontar algunos de los desaf\u00edos m\u00e1s urgentes de nuestro tiempo, desde la crisis econ\u00f3mica y la falta de atenci\u00f3n sanitaria hasta el cambio clim\u00e1tico, la violencia contra las mujeres y la escalada de los conflictos.<\/p>\n","protected":false},"author":6,"featured_media":1315,"comment_status":"open","ping_status":"open","sticky":false,"template":"","format":"standard","meta":{"footnotes":""},"categories":[34],"tags":[],"class_list":["post-1309","post","type-post","status-publish","format-standard","has-post-thumbnail","hentry","category-noticias"],"yoast_head":"<!-- This site is optimized with the Yoast SEO plugin v27.4 - https:\/\/yoast.com\/product\/yoast-seo-wordpress\/ -->\n<title>Las mujeres y los Objetivos de Desarrollo Sostenible (ODS) - PEFC Catalunya<\/title>\n<meta name=\"description\" content=\"La\u00a0Agenda 2030 para el Desarrollo Sostenible\u00a0y sus\u00a017 Objetivos de Desarrollo Sostenible\u00a0(ODS), aprobados por los dirigentes mundiales en 2015, propone una hoja de ruta para lograr progreso sostenible que no deje a nadie atr\u00e1s. La igualdad de g\u00e9nero es un derecho. La realizaci\u00f3n de este derecho es la mejor oportunidad que existe para afrontar algunos de los desaf\u00edos m\u00e1s urgentes de nuestro tiempo, desde la crisis econ\u00f3mica y la falta de atenci\u00f3n sanitaria hasta el cambio clim\u00e1tico, la violencia contra las mujeres y la escalada de los conflictos.\" \/>\n<meta name=\"robots\" content=\"index, follow, max-snippet:-1, max-image-preview:large, max-video-preview:-1\" \/>\n<link rel=\"canonical\" href=\"https:\/\/www.pefc.cat\/es\/las-mujeres-y-los-objetivos-de-desarrollo-sostenible-ods\/\" \/>\n<meta property=\"og:locale\" content=\"es_ES\" \/>\n<meta property=\"og:type\" content=\"article\" \/>\n<meta property=\"og:title\" content=\"Las mujeres y los Objetivos de Desarrollo Sostenible (ODS) - PEFC Catalunya\" \/>\n<meta property=\"og:description\" content=\"La\u00a0Agenda 2030 para el Desarrollo Sostenible\u00a0y sus\u00a017 Objetivos de Desarrollo Sostenible\u00a0(ODS), aprobados por los dirigentes mundiales en 2015, propone una hoja de ruta para lograr progreso sostenible que no deje a nadie atr\u00e1s. La igualdad de g\u00e9nero es un derecho. La realizaci\u00f3n de este derecho es la mejor oportunidad que existe para afrontar algunos de los desaf\u00edos m\u00e1s urgentes de nuestro tiempo, desde la crisis econ\u00f3mica y la falta de atenci\u00f3n sanitaria hasta el cambio clim\u00e1tico, la violencia contra las mujeres y la escalada de los conflictos.\" \/>\n<meta property=\"og:url\" content=\"https:\/\/www.pefc.cat\/es\/las-mujeres-y-los-objetivos-de-desarrollo-sostenible-ods\/\" \/>\n<meta property=\"og:site_name\" content=\"PEFC Catalunya\" \/>\n<meta property=\"article:published_time\" content=\"2021-03-08T09:52:26+00:00\" \/>\n<meta property=\"article:modified_time\" content=\"2021-04-27T11:15:45+00:00\" \/>\n<meta property=\"og:image\" content=\"https:\/\/www.pefc.cat\/wp-content\/uploads\/2021\/03\/Logo-Xarxes.jpg\" \/>\n\t<meta property=\"og:image:width\" content=\"500\" \/>\n\t<meta property=\"og:image:height\" content=\"500\" \/>\n\t<meta property=\"og:image:type\" content=\"image\/jpeg\" \/>\n<meta name=\"author\" content=\"Robert Roch\" \/>\n<meta name=\"twitter:card\" content=\"summary_large_image\" \/>\n<meta name=\"twitter:creator\" content=\"@PEFC_Catalunya\" \/>\n<meta name=\"twitter:site\" content=\"@PEFC_Catalunya\" \/>\n<meta name=\"twitter:label1\" content=\"Escrito por\" \/>\n\t<meta name=\"twitter:data1\" content=\"Robert Roch\" \/>\n<script type=\"application\/ld+json\" class=\"yoast-schema-graph\">{\"@context\":\"https:\\\/\\\/schema.org\",\"@graph\":[{\"@type\":\"Article\",\"@id\":\"https:\\\/\\\/www.pefc.cat\\\/es\\\/las-mujeres-y-los-objetivos-de-desarrollo-sostenible-ods\\\/#article\",\"isPartOf\":{\"@id\":\"https:\\\/\\\/www.pefc.cat\\\/es\\\/las-mujeres-y-los-objetivos-de-desarrollo-sostenible-ods\\\/\"},\"author\":{\"name\":\"Robert Roch\",\"@id\":\"https:\\\/\\\/www.pefc.cat\\\/#\\\/schema\\\/person\\\/f35aaea547d52dac809465bc2fda00db\"},\"headline\":\"Las mujeres y los Objetivos de Desarrollo Sostenible (ODS)\",\"datePublished\":\"2021-03-08T09:52:26+00:00\",\"dateModified\":\"2021-04-27T11:15:45+00:00\",\"mainEntityOfPage\":{\"@id\":\"https:\\\/\\\/www.pefc.cat\\\/es\\\/las-mujeres-y-los-objetivos-de-desarrollo-sostenible-ods\\\/\"},\"wordCount\":9,\"commentCount\":0,\"publisher\":{\"@id\":\"https:\\\/\\\/www.pefc.cat\\\/#organization\"},\"image\":{\"@id\":\"https:\\\/\\\/www.pefc.cat\\\/es\\\/las-mujeres-y-los-objetivos-de-desarrollo-sostenible-ods\\\/#primaryimage\"},\"thumbnailUrl\":\"https:\\\/\\\/www.pefc.cat\\\/wp-content\\\/uploads\\\/2021\\\/03\\\/Logo-Xarxes.jpg\",\"articleSection\":[\"Noticias\"],\"inLanguage\":\"es\",\"potentialAction\":[{\"@type\":\"CommentAction\",\"name\":\"Comment\",\"target\":[\"https:\\\/\\\/www.pefc.cat\\\/es\\\/las-mujeres-y-los-objetivos-de-desarrollo-sostenible-ods\\\/#respond\"]}]},{\"@type\":\"WebPage\",\"@id\":\"https:\\\/\\\/www.pefc.cat\\\/es\\\/las-mujeres-y-los-objetivos-de-desarrollo-sostenible-ods\\\/\",\"url\":\"https:\\\/\\\/www.pefc.cat\\\/es\\\/las-mujeres-y-los-objetivos-de-desarrollo-sostenible-ods\\\/\",\"name\":\"Las mujeres y los Objetivos de Desarrollo Sostenible (ODS) - PEFC Catalunya\",\"isPartOf\":{\"@id\":\"https:\\\/\\\/www.pefc.cat\\\/#website\"},\"primaryImageOfPage\":{\"@id\":\"https:\\\/\\\/www.pefc.cat\\\/es\\\/las-mujeres-y-los-objetivos-de-desarrollo-sostenible-ods\\\/#primaryimage\"},\"image\":{\"@id\":\"https:\\\/\\\/www.pefc.cat\\\/es\\\/las-mujeres-y-los-objetivos-de-desarrollo-sostenible-ods\\\/#primaryimage\"},\"thumbnailUrl\":\"https:\\\/\\\/www.pefc.cat\\\/wp-content\\\/uploads\\\/2021\\\/03\\\/Logo-Xarxes.jpg\",\"datePublished\":\"2021-03-08T09:52:26+00:00\",\"dateModified\":\"2021-04-27T11:15:45+00:00\",\"description\":\"La\u00a0Agenda 2030 para el Desarrollo Sostenible\u00a0y sus\u00a017 Objetivos de Desarrollo Sostenible\u00a0(ODS), aprobados por los dirigentes mundiales en 2015, propone una hoja de ruta para lograr progreso sostenible que no deje a nadie atr\u00e1s. La igualdad de g\u00e9nero es un derecho. La realizaci\u00f3n de este derecho es la mejor oportunidad que existe para afrontar algunos de los desaf\u00edos m\u00e1s urgentes de nuestro tiempo, desde la crisis econ\u00f3mica y la falta de atenci\u00f3n sanitaria hasta el cambio clim\u00e1tico, la violencia contra las mujeres y la escalada de los conflictos.\",\"breadcrumb\":{\"@id\":\"https:\\\/\\\/www.pefc.cat\\\/es\\\/las-mujeres-y-los-objetivos-de-desarrollo-sostenible-ods\\\/#breadcrumb\"},\"inLanguage\":\"es\",\"potentialAction\":[{\"@type\":\"ReadAction\",\"target\":[\"https:\\\/\\\/www.pefc.cat\\\/es\\\/las-mujeres-y-los-objetivos-de-desarrollo-sostenible-ods\\\/\"]}]},{\"@type\":\"ImageObject\",\"inLanguage\":\"es\",\"@id\":\"https:\\\/\\\/www.pefc.cat\\\/es\\\/las-mujeres-y-los-objetivos-de-desarrollo-sostenible-ods\\\/#primaryimage\",\"url\":\"https:\\\/\\\/www.pefc.cat\\\/wp-content\\\/uploads\\\/2021\\\/03\\\/Logo-Xarxes.jpg\",\"contentUrl\":\"https:\\\/\\\/www.pefc.cat\\\/wp-content\\\/uploads\\\/2021\\\/03\\\/Logo-Xarxes.jpg\",\"width\":500,\"height\":500},{\"@type\":\"BreadcrumbList\",\"@id\":\"https:\\\/\\\/www.pefc.cat\\\/es\\\/las-mujeres-y-los-objetivos-de-desarrollo-sostenible-ods\\\/#breadcrumb\",\"itemListElement\":[{\"@type\":\"ListItem\",\"position\":1,\"name\":\"Portada\",\"item\":\"https:\\\/\\\/www.pefc.cat\\\/es\\\/\"},{\"@type\":\"ListItem\",\"position\":2,\"name\":\"Las mujeres y los Objetivos de Desarrollo Sostenible (ODS)\"}]},{\"@type\":\"WebSite\",\"@id\":\"https:\\\/\\\/www.pefc.cat\\\/#website\",\"url\":\"https:\\\/\\\/www.pefc.cat\\\/\",\"name\":\"PEFC Catalunya\",\"description\":\"Asociaci&oacute;n Catalana Promotora de la Certificaci&oacute;n Forestal, PEFC Catalunya\",\"publisher\":{\"@id\":\"https:\\\/\\\/www.pefc.cat\\\/#organization\"},\"potentialAction\":[{\"@type\":\"SearchAction\",\"target\":{\"@type\":\"EntryPoint\",\"urlTemplate\":\"https:\\\/\\\/www.pefc.cat\\\/?s={search_term_string}\"},\"query-input\":{\"@type\":\"PropertyValueSpecification\",\"valueRequired\":true,\"valueName\":\"search_term_string\"}}],\"inLanguage\":\"es\"},{\"@type\":\"Organization\",\"@id\":\"https:\\\/\\\/www.pefc.cat\\\/#organization\",\"name\":\"PEFC Catalunya\",\"url\":\"https:\\\/\\\/www.pefc.cat\\\/\",\"logo\":{\"@type\":\"ImageObject\",\"inLanguage\":\"es\",\"@id\":\"https:\\\/\\\/www.pefc.cat\\\/#\\\/schema\\\/logo\\\/image\\\/\",\"url\":\"https:\\\/\\\/www.pefc.cat\\\/wp-content\\\/uploads\\\/2020\\\/12\\\/logo-PEFC-serial.svg\",\"contentUrl\":\"https:\\\/\\\/www.pefc.cat\\\/wp-content\\\/uploads\\\/2020\\\/12\\\/logo-PEFC-serial.svg\",\"width\":\"1024\",\"height\":\"1024\",\"caption\":\"PEFC Catalunya\"},\"image\":{\"@id\":\"https:\\\/\\\/www.pefc.cat\\\/#\\\/schema\\\/logo\\\/image\\\/\"},\"sameAs\":[\"https:\\\/\\\/x.com\\\/PEFC_Catalunya\",\"https:\\\/\\\/www.linkedin.com\\\/company\\\/pefc-catalunya\\\/\"]},{\"@type\":\"Person\",\"@id\":\"https:\\\/\\\/www.pefc.cat\\\/#\\\/schema\\\/person\\\/f35aaea547d52dac809465bc2fda00db\",\"name\":\"Robert Roch\",\"image\":{\"@type\":\"ImageObject\",\"inLanguage\":\"es\",\"@id\":\"https:\\\/\\\/secure.gravatar.com\\\/avatar\\\/d3599dcf62ef9080c9f4ca0e1d653d8643e664ca134b33dc39e9bab7cd6a0f41?s=96&d=mm&r=g\",\"url\":\"https:\\\/\\\/secure.gravatar.com\\\/avatar\\\/d3599dcf62ef9080c9f4ca0e1d653d8643e664ca134b33dc39e9bab7cd6a0f41?s=96&d=mm&r=g\",\"contentUrl\":\"https:\\\/\\\/secure.gravatar.com\\\/avatar\\\/d3599dcf62ef9080c9f4ca0e1d653d8643e664ca134b33dc39e9bab7cd6a0f41?s=96&d=mm&r=g\",\"caption\":\"Robert Roch\"},\"sameAs\":[\"https:\\\/\\\/pefc.cat\"]}]}<\/script>\n<!-- \/ Yoast SEO plugin. -->","yoast_head_json":{"title":"Las mujeres y los Objetivos de Desarrollo Sostenible (ODS) - PEFC Catalunya","description":"La\u00a0Agenda 2030 para el Desarrollo Sostenible\u00a0y sus\u00a017 Objetivos de Desarrollo Sostenible\u00a0(ODS), aprobados por los dirigentes mundiales en 2015, propone una hoja de ruta para lograr progreso sostenible que no deje a nadie atr\u00e1s. La igualdad de g\u00e9nero es un derecho. La realizaci\u00f3n de este derecho es la mejor oportunidad que existe para afrontar algunos de los desaf\u00edos m\u00e1s urgentes de nuestro tiempo, desde la crisis econ\u00f3mica y la falta de atenci\u00f3n sanitaria hasta el cambio clim\u00e1tico, la violencia contra las mujeres y la escalada de los conflictos.","robots":{"index":"index","follow":"follow","max-snippet":"max-snippet:-1","max-image-preview":"max-image-preview:large","max-video-preview":"max-video-preview:-1"},"canonical":"https:\/\/www.pefc.cat\/es\/las-mujeres-y-los-objetivos-de-desarrollo-sostenible-ods\/","og_locale":"es_ES","og_type":"article","og_title":"Las mujeres y los Objetivos de Desarrollo Sostenible (ODS) - PEFC Catalunya","og_description":"La\u00a0Agenda 2030 para el Desarrollo Sostenible\u00a0y sus\u00a017 Objetivos de Desarrollo Sostenible\u00a0(ODS), aprobados por los dirigentes mundiales en 2015, propone una hoja de ruta para lograr progreso sostenible que no deje a nadie atr\u00e1s. La igualdad de g\u00e9nero es un derecho. La realizaci\u00f3n de este derecho es la mejor oportunidad que existe para afrontar algunos de los desaf\u00edos m\u00e1s urgentes de nuestro tiempo, desde la crisis econ\u00f3mica y la falta de atenci\u00f3n sanitaria hasta el cambio clim\u00e1tico, la violencia contra las mujeres y la escalada de los conflictos.","og_url":"https:\/\/www.pefc.cat\/es\/las-mujeres-y-los-objetivos-de-desarrollo-sostenible-ods\/","og_site_name":"PEFC Catalunya","article_published_time":"2021-03-08T09:52:26+00:00","article_modified_time":"2021-04-27T11:15:45+00:00","og_image":[{"width":500,"height":500,"url":"https:\/\/www.pefc.cat\/wp-content\/uploads\/2021\/03\/Logo-Xarxes.jpg","type":"image\/jpeg"}],"author":"Robert Roch","twitter_card":"summary_large_image","twitter_creator":"@PEFC_Catalunya","twitter_site":"@PEFC_Catalunya","twitter_misc":{"Escrito por":"Robert Roch"},"schema":{"@context":"https:\/\/schema.org","@graph":[{"@type":"Article","@id":"https:\/\/www.pefc.cat\/es\/las-mujeres-y-los-objetivos-de-desarrollo-sostenible-ods\/#article","isPartOf":{"@id":"https:\/\/www.pefc.cat\/es\/las-mujeres-y-los-objetivos-de-desarrollo-sostenible-ods\/"},"author":{"name":"Robert Roch","@id":"https:\/\/www.pefc.cat\/#\/schema\/person\/f35aaea547d52dac809465bc2fda00db"},"headline":"Las mujeres y los Objetivos de Desarrollo Sostenible (ODS)","datePublished":"2021-03-08T09:52:26+00:00","dateModified":"2021-04-27T11:15:45+00:00","mainEntityOfPage":{"@id":"https:\/\/www.pefc.cat\/es\/las-mujeres-y-los-objetivos-de-desarrollo-sostenible-ods\/"},"wordCount":9,"commentCount":0,"publisher":{"@id":"https:\/\/www.pefc.cat\/#organization"},"image":{"@id":"https:\/\/www.pefc.cat\/es\/las-mujeres-y-los-objetivos-de-desarrollo-sostenible-ods\/#primaryimage"},"thumbnailUrl":"https:\/\/www.pefc.cat\/wp-content\/uploads\/2021\/03\/Logo-Xarxes.jpg","articleSection":["Noticias"],"inLanguage":"es","potentialAction":[{"@type":"CommentAction","name":"Comment","target":["https:\/\/www.pefc.cat\/es\/las-mujeres-y-los-objetivos-de-desarrollo-sostenible-ods\/#respond"]}]},{"@type":"WebPage","@id":"https:\/\/www.pefc.cat\/es\/las-mujeres-y-los-objetivos-de-desarrollo-sostenible-ods\/","url":"https:\/\/www.pefc.cat\/es\/las-mujeres-y-los-objetivos-de-desarrollo-sostenible-ods\/","name":"Las mujeres y los Objetivos de Desarrollo Sostenible (ODS) - PEFC Catalunya","isPartOf":{"@id":"https:\/\/www.pefc.cat\/#website"},"primaryImageOfPage":{"@id":"https:\/\/www.pefc.cat\/es\/las-mujeres-y-los-objetivos-de-desarrollo-sostenible-ods\/#primaryimage"},"image":{"@id":"https:\/\/www.pefc.cat\/es\/las-mujeres-y-los-objetivos-de-desarrollo-sostenible-ods\/#primaryimage"},"thumbnailUrl":"https:\/\/www.pefc.cat\/wp-content\/uploads\/2021\/03\/Logo-Xarxes.jpg","datePublished":"2021-03-08T09:52:26+00:00","dateModified":"2021-04-27T11:15:45+00:00","description":"La\u00a0Agenda 2030 para el Desarrollo Sostenible\u00a0y sus\u00a017 Objetivos de Desarrollo Sostenible\u00a0(ODS), aprobados por los dirigentes mundiales en 2015, propone una hoja de ruta para lograr progreso sostenible que no deje a nadie atr\u00e1s. La igualdad de g\u00e9nero es un derecho. La realizaci\u00f3n de este derecho es la mejor oportunidad que existe para afrontar algunos de los desaf\u00edos m\u00e1s urgentes de nuestro tiempo, desde la crisis econ\u00f3mica y la falta de atenci\u00f3n sanitaria hasta el cambio clim\u00e1tico, la violencia contra las mujeres y la escalada de los conflictos.","breadcrumb":{"@id":"https:\/\/www.pefc.cat\/es\/las-mujeres-y-los-objetivos-de-desarrollo-sostenible-ods\/#breadcrumb"},"inLanguage":"es","potentialAction":[{"@type":"ReadAction","target":["https:\/\/www.pefc.cat\/es\/las-mujeres-y-los-objetivos-de-desarrollo-sostenible-ods\/"]}]},{"@type":"ImageObject","inLanguage":"es","@id":"https:\/\/www.pefc.cat\/es\/las-mujeres-y-los-objetivos-de-desarrollo-sostenible-ods\/#primaryimage","url":"https:\/\/www.pefc.cat\/wp-content\/uploads\/2021\/03\/Logo-Xarxes.jpg","contentUrl":"https:\/\/www.pefc.cat\/wp-content\/uploads\/2021\/03\/Logo-Xarxes.jpg","width":500,"height":500},{"@type":"BreadcrumbList","@id":"https:\/\/www.pefc.cat\/es\/las-mujeres-y-los-objetivos-de-desarrollo-sostenible-ods\/#breadcrumb","itemListElement":[{"@type":"ListItem","position":1,"name":"Portada","item":"https:\/\/www.pefc.cat\/es\/"},{"@type":"ListItem","position":2,"name":"Las mujeres y los Objetivos de Desarrollo Sostenible (ODS)"}]},{"@type":"WebSite","@id":"https:\/\/www.pefc.cat\/#website","url":"https:\/\/www.pefc.cat\/","name":"PEFC Catalunya","description":"Asociaci&oacute;n Catalana Promotora de la Certificaci&oacute;n Forestal, PEFC Catalunya","publisher":{"@id":"https:\/\/www.pefc.cat\/#organization"},"potentialAction":[{"@type":"SearchAction","target":{"@type":"EntryPoint","urlTemplate":"https:\/\/www.pefc.cat\/?s={search_term_string}"},"query-input":{"@type":"PropertyValueSpecification","valueRequired":true,"valueName":"search_term_string"}}],"inLanguage":"es"},{"@type":"Organization","@id":"https:\/\/www.pefc.cat\/#organization","name":"PEFC Catalunya","url":"https:\/\/www.pefc.cat\/","logo":{"@type":"ImageObject","inLanguage":"es","@id":"https:\/\/www.pefc.cat\/#\/schema\/logo\/image\/","url":"https:\/\/www.pefc.cat\/wp-content\/uploads\/2020\/12\/logo-PEFC-serial.svg","contentUrl":"https:\/\/www.pefc.cat\/wp-content\/uploads\/2020\/12\/logo-PEFC-serial.svg","width":"1024","height":"1024","caption":"PEFC Catalunya"},"image":{"@id":"https:\/\/www.pefc.cat\/#\/schema\/logo\/image\/"},"sameAs":["https:\/\/x.com\/PEFC_Catalunya","https:\/\/www.linkedin.com\/company\/pefc-catalunya\/"]},{"@type":"Person","@id":"https:\/\/www.pefc.cat\/#\/schema\/person\/f35aaea547d52dac809465bc2fda00db","name":"Robert Roch","image":{"@type":"ImageObject","inLanguage":"es","@id":"https:\/\/secure.gravatar.com\/avatar\/d3599dcf62ef9080c9f4ca0e1d653d8643e664ca134b33dc39e9bab7cd6a0f41?s=96&d=mm&r=g","url":"https:\/\/secure.gravatar.com\/avatar\/d3599dcf62ef9080c9f4ca0e1d653d8643e664ca134b33dc39e9bab7cd6a0f41?s=96&d=mm&r=g","contentUrl":"https:\/\/secure.gravatar.com\/avatar\/d3599dcf62ef9080c9f4ca0e1d653d8643e664ca134b33dc39e9bab7cd6a0f41?s=96&d=mm&r=g","caption":"Robert Roch"},"sameAs":["https:\/\/pefc.cat"]}]}},"_links":{"self":[{"href":"https:\/\/www.pefc.cat\/es\/wp-json\/wp\/v2\/posts\/1309","targetHints":{"allow":["GET"]}}],"collection":[{"href":"https:\/\/www.pefc.cat\/es\/wp-json\/wp\/v2\/posts"}],"about":[{"href":"https:\/\/www.pefc.cat\/es\/wp-json\/wp\/v2\/types\/post"}],"author":[{"embeddable":true,"href":"https:\/\/www.pefc.cat\/es\/wp-json\/wp\/v2\/users\/6"}],"replies":[{"embeddable":true,"href":"https:\/\/www.pefc.cat\/es\/wp-json\/wp\/v2\/comments?post=1309"}],"version-history":[{"count":0,"href":"https:\/\/www.pefc.cat\/es\/wp-json\/wp\/v2\/posts\/1309\/revisions"}],"wp:featuredmedia":[{"embeddable":true,"href":"https:\/\/www.pefc.cat\/es\/wp-json\/wp\/v2\/media\/1315"}],"wp:attachment":[{"href":"https:\/\/www.pefc.cat\/es\/wp-json\/wp\/v2\/media?parent=1309"}],"wp:term":[{"taxonomy":"category","embeddable":true,"href":"https:\/\/www.pefc.cat\/es\/wp-json\/wp\/v2\/categories?post=1309"},{"taxonomy":"post_tag","embeddable":true,"href":"https:\/\/www.pefc.cat\/es\/wp-json\/wp\/v2\/tags?post=1309"}],"curies":[{"name":"wp","href":"https:\/\/api.w.org\/{rel}","templated":true}]}}