{"id":1567,"date":"2021-05-17T15:30:06","date_gmt":"2021-05-17T13:30:06","guid":{"rendered":"https:\/\/www.pefc.cat\/?p=1567"},"modified":"2021-05-17T12:22:52","modified_gmt":"2021-05-17T10:22:52","slug":"el-portal-ruralcat-del-departamento-de-agricultura-de-la-generalitat-publica-una-guia-de-la-certificacion-pefc-en-cataluna","status":"publish","type":"post","link":"https:\/\/www.pefc.cat\/es\/el-portal-ruralcat-del-departamento-de-agricultura-de-la-generalitat-publica-una-guia-de-la-certificacion-pefc-en-cataluna\/","title":{"rendered":"El portal Ruralcat, del Departamento de Agricultura de la Generalitat, publica una gu\u00eda de la certificaci\u00f3n PEFC en Catalu\u00f1a."},"content":{"rendered":"","protected":false},"excerpt":{"rendered":"<p>Este monogr\u00e1fico dedicado a la certificaci\u00f3n PEFC quiere servir como una gu\u00eda de ayuda para los consumidores, las empresas transformadoras de la madera y tambi\u00e9n la propiedad forestal para entender la importancia de poder garantizar los productos de origen forestal sostenible y a la vez hacer valer nuestros bosques.<\/p>\n<p>El sello PEFC asegura que el producto proviene de una gesti\u00f3n forestal responsable con el bosque y la biodiversidad y que se ha hecho un an\u00e1lisis de riesgo durante los procesos de transformaci\u00f3n de la madera para garantizar que los productos forestales provienen de practicas sostenibles.<\/p>\n","protected":false},"author":6,"featured_media":1563,"comment_status":"open","ping_status":"open","sticky":false,"template":"","format":"standard","meta":{"footnotes":""},"categories":[34],"tags":[],"class_list":["post-1567","post","type-post","status-publish","format-standard","has-post-thumbnail","hentry","category-noticias"],"yoast_head":"<!-- This site is optimized with the Yoast SEO plugin v27.4 - https:\/\/yoast.com\/product\/yoast-seo-wordpress\/ -->\n<title>El portal Ruralcat, del Departamento de Agricultura de la Generalitat, publica una gu\u00eda de la certificaci\u00f3n PEFC en Catalu\u00f1a. - PEFC Catalunya<\/title>\n<meta name=\"description\" content=\"Este monogr\u00e1fico dedicado a la certificaci\u00f3n PEFC quiere servir como una gu\u00eda de ayuda para los consumidores, las empresas transformadoras de la madera y tambi\u00e9n la propiedad forestal para entender la importancia de poder garantizar los productos de origen forestal sostenible y a la vez hacer valer nuestros bosques. El sello PEFC asegura que el producto proviene de una gesti\u00f3n forestal responsable con el bosque y la biodiversidad y que se ha hecho un an\u00e1lisis de riesgo durante los procesos de transformaci\u00f3n de la madera para garantizar que los productos forestales provienen de practicas sostenibles.\" \/>\n<meta name=\"robots\" content=\"index, follow, max-snippet:-1, max-image-preview:large, max-video-preview:-1\" \/>\n<link rel=\"canonical\" href=\"https:\/\/www.pefc.cat\/es\/el-portal-ruralcat-del-departamento-de-agricultura-de-la-generalitat-publica-una-guia-de-la-certificacion-pefc-en-cataluna\/\" \/>\n<meta property=\"og:locale\" content=\"es_ES\" \/>\n<meta property=\"og:type\" content=\"article\" \/>\n<meta property=\"og:title\" content=\"El portal Ruralcat, del Departamento de Agricultura de la Generalitat, publica una gu\u00eda de la certificaci\u00f3n PEFC en Catalu\u00f1a. - PEFC Catalunya\" \/>\n<meta property=\"og:description\" content=\"Este monogr\u00e1fico dedicado a la certificaci\u00f3n PEFC quiere servir como una gu\u00eda de ayuda para los consumidores, las empresas transformadoras de la madera y tambi\u00e9n la propiedad forestal para entender la importancia de poder garantizar los productos de origen forestal sostenible y a la vez hacer valer nuestros bosques. El sello PEFC asegura que el producto proviene de una gesti\u00f3n forestal responsable con el bosque y la biodiversidad y que se ha hecho un an\u00e1lisis de riesgo durante los procesos de transformaci\u00f3n de la madera para garantizar que los productos forestales provienen de practicas sostenibles.\" \/>\n<meta property=\"og:url\" content=\"https:\/\/www.pefc.cat\/es\/el-portal-ruralcat-del-departamento-de-agricultura-de-la-generalitat-publica-una-guia-de-la-certificacion-pefc-en-cataluna\/\" \/>\n<meta property=\"og:site_name\" content=\"PEFC Catalunya\" \/>\n<meta property=\"article:published_time\" content=\"2021-05-17T13:30:06+00:00\" \/>\n<meta property=\"og:image\" content=\"https:\/\/www.pefc.cat\/wp-content\/uploads\/2021\/05\/foto-dossier-tecnic.jpg\" \/>\n\t<meta property=\"og:image:width\" content=\"1280\" \/>\n\t<meta property=\"og:image:height\" content=\"624\" \/>\n\t<meta property=\"og:image:type\" content=\"image\/jpeg\" \/>\n<meta name=\"author\" content=\"Robert Roch\" \/>\n<meta name=\"twitter:card\" content=\"summary_large_image\" \/>\n<meta name=\"twitter:creator\" content=\"@PEFC_Catalunya\" \/>\n<meta name=\"twitter:site\" content=\"@PEFC_Catalunya\" \/>\n<meta name=\"twitter:label1\" content=\"Escrito por\" \/>\n\t<meta name=\"twitter:data1\" content=\"Robert Roch\" \/>\n<script type=\"application\/ld+json\" class=\"yoast-schema-graph\">{\"@context\":\"https:\\\/\\\/schema.org\",\"@graph\":[{\"@type\":\"Article\",\"@id\":\"https:\\\/\\\/www.pefc.cat\\\/es\\\/el-portal-ruralcat-del-departamento-de-agricultura-de-la-generalitat-publica-una-guia-de-la-certificacion-pefc-en-cataluna\\\/#article\",\"isPartOf\":{\"@id\":\"https:\\\/\\\/www.pefc.cat\\\/es\\\/el-portal-ruralcat-del-departamento-de-agricultura-de-la-generalitat-publica-una-guia-de-la-certificacion-pefc-en-cataluna\\\/\"},\"author\":{\"name\":\"Robert Roch\",\"@id\":\"https:\\\/\\\/www.pefc.cat\\\/#\\\/schema\\\/person\\\/f35aaea547d52dac809465bc2fda00db\"},\"headline\":\"El portal Ruralcat, del Departamento de Agricultura de la Generalitat, publica una gu\u00eda de la certificaci\u00f3n PEFC en Catalu\u00f1a.\",\"datePublished\":\"2021-05-17T13:30:06+00:00\",\"mainEntityOfPage\":{\"@id\":\"https:\\\/\\\/www.pefc.cat\\\/es\\\/el-portal-ruralcat-del-departamento-de-agricultura-de-la-generalitat-publica-una-guia-de-la-certificacion-pefc-en-cataluna\\\/\"},\"wordCount\":22,\"commentCount\":0,\"publisher\":{\"@id\":\"https:\\\/\\\/www.pefc.cat\\\/#organization\"},\"image\":{\"@id\":\"https:\\\/\\\/www.pefc.cat\\\/es\\\/el-portal-ruralcat-del-departamento-de-agricultura-de-la-generalitat-publica-una-guia-de-la-certificacion-pefc-en-cataluna\\\/#primaryimage\"},\"thumbnailUrl\":\"https:\\\/\\\/www.pefc.cat\\\/wp-content\\\/uploads\\\/2021\\\/05\\\/foto-dossier-tecnic.jpg\",\"articleSection\":[\"Noticias\"],\"inLanguage\":\"es\",\"potentialAction\":[{\"@type\":\"CommentAction\",\"name\":\"Comment\",\"target\":[\"https:\\\/\\\/www.pefc.cat\\\/es\\\/el-portal-ruralcat-del-departamento-de-agricultura-de-la-generalitat-publica-una-guia-de-la-certificacion-pefc-en-cataluna\\\/#respond\"]}]},{\"@type\":\"WebPage\",\"@id\":\"https:\\\/\\\/www.pefc.cat\\\/es\\\/el-portal-ruralcat-del-departamento-de-agricultura-de-la-generalitat-publica-una-guia-de-la-certificacion-pefc-en-cataluna\\\/\",\"url\":\"https:\\\/\\\/www.pefc.cat\\\/es\\\/el-portal-ruralcat-del-departamento-de-agricultura-de-la-generalitat-publica-una-guia-de-la-certificacion-pefc-en-cataluna\\\/\",\"name\":\"El portal Ruralcat, del Departamento de Agricultura de la Generalitat, publica una gu\u00eda de la certificaci\u00f3n PEFC en Catalu\u00f1a. - PEFC Catalunya\",\"isPartOf\":{\"@id\":\"https:\\\/\\\/www.pefc.cat\\\/#website\"},\"primaryImageOfPage\":{\"@id\":\"https:\\\/\\\/www.pefc.cat\\\/es\\\/el-portal-ruralcat-del-departamento-de-agricultura-de-la-generalitat-publica-una-guia-de-la-certificacion-pefc-en-cataluna\\\/#primaryimage\"},\"image\":{\"@id\":\"https:\\\/\\\/www.pefc.cat\\\/es\\\/el-portal-ruralcat-del-departamento-de-agricultura-de-la-generalitat-publica-una-guia-de-la-certificacion-pefc-en-cataluna\\\/#primaryimage\"},\"thumbnailUrl\":\"https:\\\/\\\/www.pefc.cat\\\/wp-content\\\/uploads\\\/2021\\\/05\\\/foto-dossier-tecnic.jpg\",\"datePublished\":\"2021-05-17T13:30:06+00:00\",\"description\":\"Este monogr\u00e1fico dedicado a la certificaci\u00f3n PEFC quiere servir como una gu\u00eda de ayuda para los consumidores, las empresas transformadoras de la madera y tambi\u00e9n la propiedad forestal para entender la importancia de poder garantizar los productos de origen forestal sostenible y a la vez hacer valer nuestros bosques. El sello PEFC asegura que el producto proviene de una gesti\u00f3n forestal responsable con el bosque y la biodiversidad y que se ha hecho un an\u00e1lisis de riesgo durante los procesos de transformaci\u00f3n de la madera para garantizar que los productos forestales provienen de practicas sostenibles.\",\"breadcrumb\":{\"@id\":\"https:\\\/\\\/www.pefc.cat\\\/es\\\/el-portal-ruralcat-del-departamento-de-agricultura-de-la-generalitat-publica-una-guia-de-la-certificacion-pefc-en-cataluna\\\/#breadcrumb\"},\"inLanguage\":\"es\",\"potentialAction\":[{\"@type\":\"ReadAction\",\"target\":[\"https:\\\/\\\/www.pefc.cat\\\/es\\\/el-portal-ruralcat-del-departamento-de-agricultura-de-la-generalitat-publica-una-guia-de-la-certificacion-pefc-en-cataluna\\\/\"]}]},{\"@type\":\"ImageObject\",\"inLanguage\":\"es\",\"@id\":\"https:\\\/\\\/www.pefc.cat\\\/es\\\/el-portal-ruralcat-del-departamento-de-agricultura-de-la-generalitat-publica-una-guia-de-la-certificacion-pefc-en-cataluna\\\/#primaryimage\",\"url\":\"https:\\\/\\\/www.pefc.cat\\\/wp-content\\\/uploads\\\/2021\\\/05\\\/foto-dossier-tecnic.jpg\",\"contentUrl\":\"https:\\\/\\\/www.pefc.cat\\\/wp-content\\\/uploads\\\/2021\\\/05\\\/foto-dossier-tecnic.jpg\",\"width\":1280,\"height\":624},{\"@type\":\"BreadcrumbList\",\"@id\":\"https:\\\/\\\/www.pefc.cat\\\/es\\\/el-portal-ruralcat-del-departamento-de-agricultura-de-la-generalitat-publica-una-guia-de-la-certificacion-pefc-en-cataluna\\\/#breadcrumb\",\"itemListElement\":[{\"@type\":\"ListItem\",\"position\":1,\"name\":\"Portada\",\"item\":\"https:\\\/\\\/www.pefc.cat\\\/es\\\/\"},{\"@type\":\"ListItem\",\"position\":2,\"name\":\"El portal Ruralcat, del Departamento de Agricultura de la Generalitat, publica una gu\u00eda de la certificaci\u00f3n PEFC en Catalu\u00f1a.\"}]},{\"@type\":\"WebSite\",\"@id\":\"https:\\\/\\\/www.pefc.cat\\\/#website\",\"url\":\"https:\\\/\\\/www.pefc.cat\\\/\",\"name\":\"PEFC Catalunya\",\"description\":\"Asociaci&oacute;n Catalana Promotora de la Certificaci&oacute;n Forestal, PEFC Catalunya\",\"publisher\":{\"@id\":\"https:\\\/\\\/www.pefc.cat\\\/#organization\"},\"potentialAction\":[{\"@type\":\"SearchAction\",\"target\":{\"@type\":\"EntryPoint\",\"urlTemplate\":\"https:\\\/\\\/www.pefc.cat\\\/?s={search_term_string}\"},\"query-input\":{\"@type\":\"PropertyValueSpecification\",\"valueRequired\":true,\"valueName\":\"search_term_string\"}}],\"inLanguage\":\"es\"},{\"@type\":\"Organization\",\"@id\":\"https:\\\/\\\/www.pefc.cat\\\/#organization\",\"name\":\"PEFC Catalunya\",\"url\":\"https:\\\/\\\/www.pefc.cat\\\/\",\"logo\":{\"@type\":\"ImageObject\",\"inLanguage\":\"es\",\"@id\":\"https:\\\/\\\/www.pefc.cat\\\/#\\\/schema\\\/logo\\\/image\\\/\",\"url\":\"https:\\\/\\\/www.pefc.cat\\\/wp-content\\\/uploads\\\/2020\\\/12\\\/logo-PEFC-serial.svg\",\"contentUrl\":\"https:\\\/\\\/www.pefc.cat\\\/wp-content\\\/uploads\\\/2020\\\/12\\\/logo-PEFC-serial.svg\",\"width\":\"1024\",\"height\":\"1024\",\"caption\":\"PEFC Catalunya\"},\"image\":{\"@id\":\"https:\\\/\\\/www.pefc.cat\\\/#\\\/schema\\\/logo\\\/image\\\/\"},\"sameAs\":[\"https:\\\/\\\/x.com\\\/PEFC_Catalunya\",\"https:\\\/\\\/www.linkedin.com\\\/company\\\/pefc-catalunya\\\/\"]},{\"@type\":\"Person\",\"@id\":\"https:\\\/\\\/www.pefc.cat\\\/#\\\/schema\\\/person\\\/f35aaea547d52dac809465bc2fda00db\",\"name\":\"Robert Roch\",\"image\":{\"@type\":\"ImageObject\",\"inLanguage\":\"es\",\"@id\":\"https:\\\/\\\/secure.gravatar.com\\\/avatar\\\/d3599dcf62ef9080c9f4ca0e1d653d8643e664ca134b33dc39e9bab7cd6a0f41?s=96&d=mm&r=g\",\"url\":\"https:\\\/\\\/secure.gravatar.com\\\/avatar\\\/d3599dcf62ef9080c9f4ca0e1d653d8643e664ca134b33dc39e9bab7cd6a0f41?s=96&d=mm&r=g\",\"contentUrl\":\"https:\\\/\\\/secure.gravatar.com\\\/avatar\\\/d3599dcf62ef9080c9f4ca0e1d653d8643e664ca134b33dc39e9bab7cd6a0f41?s=96&d=mm&r=g\",\"caption\":\"Robert Roch\"},\"sameAs\":[\"https:\\\/\\\/pefc.cat\"]}]}<\/script>\n<!-- \/ Yoast SEO plugin. -->","yoast_head_json":{"title":"El portal Ruralcat, del Departamento de Agricultura de la Generalitat, publica una gu\u00eda de la certificaci\u00f3n PEFC en Catalu\u00f1a. - PEFC Catalunya","description":"Este monogr\u00e1fico dedicado a la certificaci\u00f3n PEFC quiere servir como una gu\u00eda de ayuda para los consumidores, las empresas transformadoras de la madera y tambi\u00e9n la propiedad forestal para entender la importancia de poder garantizar los productos de origen forestal sostenible y a la vez hacer valer nuestros bosques. El sello PEFC asegura que el producto proviene de una gesti\u00f3n forestal responsable con el bosque y la biodiversidad y que se ha hecho un an\u00e1lisis de riesgo durante los procesos de transformaci\u00f3n de la madera para garantizar que los productos forestales provienen de practicas sostenibles.","robots":{"index":"index","follow":"follow","max-snippet":"max-snippet:-1","max-image-preview":"max-image-preview:large","max-video-preview":"max-video-preview:-1"},"canonical":"https:\/\/www.pefc.cat\/es\/el-portal-ruralcat-del-departamento-de-agricultura-de-la-generalitat-publica-una-guia-de-la-certificacion-pefc-en-cataluna\/","og_locale":"es_ES","og_type":"article","og_title":"El portal Ruralcat, del Departamento de Agricultura de la Generalitat, publica una gu\u00eda de la certificaci\u00f3n PEFC en Catalu\u00f1a. - PEFC Catalunya","og_description":"Este monogr\u00e1fico dedicado a la certificaci\u00f3n PEFC quiere servir como una gu\u00eda de ayuda para los consumidores, las empresas transformadoras de la madera y tambi\u00e9n la propiedad forestal para entender la importancia de poder garantizar los productos de origen forestal sostenible y a la vez hacer valer nuestros bosques. El sello PEFC asegura que el producto proviene de una gesti\u00f3n forestal responsable con el bosque y la biodiversidad y que se ha hecho un an\u00e1lisis de riesgo durante los procesos de transformaci\u00f3n de la madera para garantizar que los productos forestales provienen de practicas sostenibles.","og_url":"https:\/\/www.pefc.cat\/es\/el-portal-ruralcat-del-departamento-de-agricultura-de-la-generalitat-publica-una-guia-de-la-certificacion-pefc-en-cataluna\/","og_site_name":"PEFC Catalunya","article_published_time":"2021-05-17T13:30:06+00:00","og_image":[{"width":1280,"height":624,"url":"https:\/\/www.pefc.cat\/wp-content\/uploads\/2021\/05\/foto-dossier-tecnic.jpg","type":"image\/jpeg"}],"author":"Robert Roch","twitter_card":"summary_large_image","twitter_creator":"@PEFC_Catalunya","twitter_site":"@PEFC_Catalunya","twitter_misc":{"Escrito por":"Robert Roch"},"schema":{"@context":"https:\/\/schema.org","@graph":[{"@type":"Article","@id":"https:\/\/www.pefc.cat\/es\/el-portal-ruralcat-del-departamento-de-agricultura-de-la-generalitat-publica-una-guia-de-la-certificacion-pefc-en-cataluna\/#article","isPartOf":{"@id":"https:\/\/www.pefc.cat\/es\/el-portal-ruralcat-del-departamento-de-agricultura-de-la-generalitat-publica-una-guia-de-la-certificacion-pefc-en-cataluna\/"},"author":{"name":"Robert Roch","@id":"https:\/\/www.pefc.cat\/#\/schema\/person\/f35aaea547d52dac809465bc2fda00db"},"headline":"El portal Ruralcat, del Departamento de Agricultura de la Generalitat, publica una gu\u00eda de la certificaci\u00f3n PEFC en Catalu\u00f1a.","datePublished":"2021-05-17T13:30:06+00:00","mainEntityOfPage":{"@id":"https:\/\/www.pefc.cat\/es\/el-portal-ruralcat-del-departamento-de-agricultura-de-la-generalitat-publica-una-guia-de-la-certificacion-pefc-en-cataluna\/"},"wordCount":22,"commentCount":0,"publisher":{"@id":"https:\/\/www.pefc.cat\/#organization"},"image":{"@id":"https:\/\/www.pefc.cat\/es\/el-portal-ruralcat-del-departamento-de-agricultura-de-la-generalitat-publica-una-guia-de-la-certificacion-pefc-en-cataluna\/#primaryimage"},"thumbnailUrl":"https:\/\/www.pefc.cat\/wp-content\/uploads\/2021\/05\/foto-dossier-tecnic.jpg","articleSection":["Noticias"],"inLanguage":"es","potentialAction":[{"@type":"CommentAction","name":"Comment","target":["https:\/\/www.pefc.cat\/es\/el-portal-ruralcat-del-departamento-de-agricultura-de-la-generalitat-publica-una-guia-de-la-certificacion-pefc-en-cataluna\/#respond"]}]},{"@type":"WebPage","@id":"https:\/\/www.pefc.cat\/es\/el-portal-ruralcat-del-departamento-de-agricultura-de-la-generalitat-publica-una-guia-de-la-certificacion-pefc-en-cataluna\/","url":"https:\/\/www.pefc.cat\/es\/el-portal-ruralcat-del-departamento-de-agricultura-de-la-generalitat-publica-una-guia-de-la-certificacion-pefc-en-cataluna\/","name":"El portal Ruralcat, del Departamento de Agricultura de la Generalitat, publica una gu\u00eda de la certificaci\u00f3n PEFC en Catalu\u00f1a. - PEFC Catalunya","isPartOf":{"@id":"https:\/\/www.pefc.cat\/#website"},"primaryImageOfPage":{"@id":"https:\/\/www.pefc.cat\/es\/el-portal-ruralcat-del-departamento-de-agricultura-de-la-generalitat-publica-una-guia-de-la-certificacion-pefc-en-cataluna\/#primaryimage"},"image":{"@id":"https:\/\/www.pefc.cat\/es\/el-portal-ruralcat-del-departamento-de-agricultura-de-la-generalitat-publica-una-guia-de-la-certificacion-pefc-en-cataluna\/#primaryimage"},"thumbnailUrl":"https:\/\/www.pefc.cat\/wp-content\/uploads\/2021\/05\/foto-dossier-tecnic.jpg","datePublished":"2021-05-17T13:30:06+00:00","description":"Este monogr\u00e1fico dedicado a la certificaci\u00f3n PEFC quiere servir como una gu\u00eda de ayuda para los consumidores, las empresas transformadoras de la madera y tambi\u00e9n la propiedad forestal para entender la importancia de poder garantizar los productos de origen forestal sostenible y a la vez hacer valer nuestros bosques. El sello PEFC asegura que el producto proviene de una gesti\u00f3n forestal responsable con el bosque y la biodiversidad y que se ha hecho un an\u00e1lisis de riesgo durante los procesos de transformaci\u00f3n de la madera para garantizar que los productos forestales provienen de practicas sostenibles.","breadcrumb":{"@id":"https:\/\/www.pefc.cat\/es\/el-portal-ruralcat-del-departamento-de-agricultura-de-la-generalitat-publica-una-guia-de-la-certificacion-pefc-en-cataluna\/#breadcrumb"},"inLanguage":"es","potentialAction":[{"@type":"ReadAction","target":["https:\/\/www.pefc.cat\/es\/el-portal-ruralcat-del-departamento-de-agricultura-de-la-generalitat-publica-una-guia-de-la-certificacion-pefc-en-cataluna\/"]}]},{"@type":"ImageObject","inLanguage":"es","@id":"https:\/\/www.pefc.cat\/es\/el-portal-ruralcat-del-departamento-de-agricultura-de-la-generalitat-publica-una-guia-de-la-certificacion-pefc-en-cataluna\/#primaryimage","url":"https:\/\/www.pefc.cat\/wp-content\/uploads\/2021\/05\/foto-dossier-tecnic.jpg","contentUrl":"https:\/\/www.pefc.cat\/wp-content\/uploads\/2021\/05\/foto-dossier-tecnic.jpg","width":1280,"height":624},{"@type":"BreadcrumbList","@id":"https:\/\/www.pefc.cat\/es\/el-portal-ruralcat-del-departamento-de-agricultura-de-la-generalitat-publica-una-guia-de-la-certificacion-pefc-en-cataluna\/#breadcrumb","itemListElement":[{"@type":"ListItem","position":1,"name":"Portada","item":"https:\/\/www.pefc.cat\/es\/"},{"@type":"ListItem","position":2,"name":"El portal Ruralcat, del Departamento de Agricultura de la Generalitat, publica una gu\u00eda de la certificaci\u00f3n PEFC en Catalu\u00f1a."}]},{"@type":"WebSite","@id":"https:\/\/www.pefc.cat\/#website","url":"https:\/\/www.pefc.cat\/","name":"PEFC Catalunya","description":"Asociaci&oacute;n Catalana Promotora de la Certificaci&oacute;n Forestal, PEFC Catalunya","publisher":{"@id":"https:\/\/www.pefc.cat\/#organization"},"potentialAction":[{"@type":"SearchAction","target":{"@type":"EntryPoint","urlTemplate":"https:\/\/www.pefc.cat\/?s={search_term_string}"},"query-input":{"@type":"PropertyValueSpecification","valueRequired":true,"valueName":"search_term_string"}}],"inLanguage":"es"},{"@type":"Organization","@id":"https:\/\/www.pefc.cat\/#organization","name":"PEFC Catalunya","url":"https:\/\/www.pefc.cat\/","logo":{"@type":"ImageObject","inLanguage":"es","@id":"https:\/\/www.pefc.cat\/#\/schema\/logo\/image\/","url":"https:\/\/www.pefc.cat\/wp-content\/uploads\/2020\/12\/logo-PEFC-serial.svg","contentUrl":"https:\/\/www.pefc.cat\/wp-content\/uploads\/2020\/12\/logo-PEFC-serial.svg","width":"1024","height":"1024","caption":"PEFC Catalunya"},"image":{"@id":"https:\/\/www.pefc.cat\/#\/schema\/logo\/image\/"},"sameAs":["https:\/\/x.com\/PEFC_Catalunya","https:\/\/www.linkedin.com\/company\/pefc-catalunya\/"]},{"@type":"Person","@id":"https:\/\/www.pefc.cat\/#\/schema\/person\/f35aaea547d52dac809465bc2fda00db","name":"Robert Roch","image":{"@type":"ImageObject","inLanguage":"es","@id":"https:\/\/secure.gravatar.com\/avatar\/d3599dcf62ef9080c9f4ca0e1d653d8643e664ca134b33dc39e9bab7cd6a0f41?s=96&d=mm&r=g","url":"https:\/\/secure.gravatar.com\/avatar\/d3599dcf62ef9080c9f4ca0e1d653d8643e664ca134b33dc39e9bab7cd6a0f41?s=96&d=mm&r=g","contentUrl":"https:\/\/secure.gravatar.com\/avatar\/d3599dcf62ef9080c9f4ca0e1d653d8643e664ca134b33dc39e9bab7cd6a0f41?s=96&d=mm&r=g","caption":"Robert Roch"},"sameAs":["https:\/\/pefc.cat"]}]}},"_links":{"self":[{"href":"https:\/\/www.pefc.cat\/es\/wp-json\/wp\/v2\/posts\/1567","targetHints":{"allow":["GET"]}}],"collection":[{"href":"https:\/\/www.pefc.cat\/es\/wp-json\/wp\/v2\/posts"}],"about":[{"href":"https:\/\/www.pefc.cat\/es\/wp-json\/wp\/v2\/types\/post"}],"author":[{"embeddable":true,"href":"https:\/\/www.pefc.cat\/es\/wp-json\/wp\/v2\/users\/6"}],"replies":[{"embeddable":true,"href":"https:\/\/www.pefc.cat\/es\/wp-json\/wp\/v2\/comments?post=1567"}],"version-history":[{"count":0,"href":"https:\/\/www.pefc.cat\/es\/wp-json\/wp\/v2\/posts\/1567\/revisions"}],"wp:featuredmedia":[{"embeddable":true,"href":"https:\/\/www.pefc.cat\/es\/wp-json\/wp\/v2\/media\/1563"}],"wp:attachment":[{"href":"https:\/\/www.pefc.cat\/es\/wp-json\/wp\/v2\/media?parent=1567"}],"wp:term":[{"taxonomy":"category","embeddable":true,"href":"https:\/\/www.pefc.cat\/es\/wp-json\/wp\/v2\/categories?post=1567"},{"taxonomy":"post_tag","embeddable":true,"href":"https:\/\/www.pefc.cat\/es\/wp-json\/wp\/v2\/tags?post=1567"}],"curies":[{"name":"wp","href":"https:\/\/api.w.org\/{rel}","templated":true}]}}