{"id":1641,"date":"2021-06-14T11:04:21","date_gmt":"2021-06-14T09:04:21","guid":{"rendered":"https:\/\/www.pefc.cat\/?p=1641"},"modified":"2021-08-04T11:45:45","modified_gmt":"2021-08-04T09:45:45","slug":"campanyaincendisforestals","status":"publish","type":"post","link":"https:\/\/www.pefc.cat\/es\/campanyaincendisforestals\/","title":{"rendered":"PEFC Catalu\u00f1a hace un llamamiento a la ciudadan\u00eda a implicarse activamente en la campa\u00f1a de prevenci\u00f3n de incendios forestales"},"content":{"rendered":"","protected":false},"excerpt":{"rendered":"<p>El 15 de junio empieza la prohibici\u00f3n de hacer trabajos forestales que generan restos vegetales salvo que se disponga de una autorizaci\u00f3n correspondiente. <\/p>\n<p>Toda la cadena de valor del sector forestal es perfectamente consciente que todo y los \u00faltimos a\u00f1os han sido favorables en Catalu\u00f1a desde el punto de vista de la poca superficie forestal afectada por incendios esta situaci\u00f3n puede cambiar en cuesti\u00f3n horas por un descuido o una negligencia. Puede desaparecer una parte importante del patrimonio natural del pa\u00eds, provocando p\u00e9rdidas millonarias tanto para la propiedad forestal como para el conjunto de la sociedad que se beneficia de los m\u00faltiples y valiosos servicios que ofrecen los bosques catalanes.<\/p>\n","protected":false},"author":6,"featured_media":1635,"comment_status":"open","ping_status":"open","sticky":false,"template":"","format":"standard","meta":{"footnotes":""},"categories":[34],"tags":[],"class_list":["post-1641","post","type-post","status-publish","format-standard","has-post-thumbnail","hentry","category-noticias"],"yoast_head":"<!-- This site is optimized with the Yoast SEO plugin v27.4 - https:\/\/yoast.com\/product\/yoast-seo-wordpress\/ -->\n<title>PEFC Catalu\u00f1a hace un llamamiento a la ciudadan\u00eda a implicarse activamente en la campa\u00f1a de prevenci\u00f3n de incendios forestales - PEFC Catalunya<\/title>\n<meta name=\"description\" content=\"STOP AL FUEGO! T\u00da TIENES LA LLAVE! Un incendio forestal puede provocar la desaparici\u00f3n de una parte importante del patrimonio natural del pa\u00eds, provocando p\u00e9rdidas millonarias tanto para la propiedad forestal como para el conjunto de la sociedad que se beneficia de los m\u00faltiples y valiosos servicios que ofrecen los bosques catalanes.\" \/>\n<meta name=\"robots\" content=\"index, follow, max-snippet:-1, max-image-preview:large, max-video-preview:-1\" \/>\n<link rel=\"canonical\" href=\"https:\/\/www.pefc.cat\/es\/campanyaincendisforestals\/\" \/>\n<meta property=\"og:locale\" content=\"es_ES\" \/>\n<meta property=\"og:type\" content=\"article\" \/>\n<meta property=\"og:title\" content=\"PEFC Catalu\u00f1a hace un llamamiento a la ciudadan\u00eda a implicarse activamente en la campa\u00f1a de prevenci\u00f3n de incendios forestales - PEFC Catalunya\" \/>\n<meta property=\"og:description\" content=\"STOP AL FUEGO! T\u00da TIENES LA LLAVE! Un incendio forestal puede provocar la desaparici\u00f3n de una parte importante del patrimonio natural del pa\u00eds, provocando p\u00e9rdidas millonarias tanto para la propiedad forestal como para el conjunto de la sociedad que se beneficia de los m\u00faltiples y valiosos servicios que ofrecen los bosques catalanes.\" \/>\n<meta property=\"og:url\" content=\"https:\/\/www.pefc.cat\/es\/campanyaincendisforestals\/\" \/>\n<meta property=\"og:site_name\" content=\"PEFC Catalunya\" \/>\n<meta property=\"article:published_time\" content=\"2021-06-14T09:04:21+00:00\" \/>\n<meta property=\"article:modified_time\" content=\"2021-08-04T09:45:45+00:00\" \/>\n<meta property=\"og:image\" content=\"https:\/\/www.pefc.cat\/wp-content\/uploads\/2021\/06\/Stop-al-Foc.-Tu-ens-tens-la-Clau.jpg\" \/>\n\t<meta property=\"og:image:width\" content=\"1176\" \/>\n\t<meta property=\"og:image:height\" content=\"832\" \/>\n\t<meta property=\"og:image:type\" content=\"image\/jpeg\" \/>\n<meta name=\"author\" content=\"Robert Roch\" \/>\n<meta name=\"twitter:card\" content=\"summary_large_image\" \/>\n<meta name=\"twitter:creator\" content=\"@PEFC_Catalunya\" \/>\n<meta name=\"twitter:site\" content=\"@PEFC_Catalunya\" \/>\n<meta name=\"twitter:label1\" content=\"Escrito por\" \/>\n\t<meta name=\"twitter:data1\" content=\"Robert Roch\" \/>\n<script type=\"application\/ld+json\" class=\"yoast-schema-graph\">{\"@context\":\"https:\\\/\\\/schema.org\",\"@graph\":[{\"@type\":\"Article\",\"@id\":\"https:\\\/\\\/www.pefc.cat\\\/es\\\/campanyaincendisforestals\\\/#article\",\"isPartOf\":{\"@id\":\"https:\\\/\\\/www.pefc.cat\\\/es\\\/campanyaincendisforestals\\\/\"},\"author\":{\"name\":\"Robert Roch\",\"@id\":\"https:\\\/\\\/www.pefc.cat\\\/#\\\/schema\\\/person\\\/f35aaea547d52dac809465bc2fda00db\"},\"headline\":\"PEFC Catalu\u00f1a hace un llamamiento a la ciudadan\u00eda a implicarse activamente en la campa\u00f1a de prevenci\u00f3n de incendios forestales\",\"datePublished\":\"2021-06-14T09:04:21+00:00\",\"dateModified\":\"2021-08-04T09:45:45+00:00\",\"mainEntityOfPage\":{\"@id\":\"https:\\\/\\\/www.pefc.cat\\\/es\\\/campanyaincendisforestals\\\/\"},\"wordCount\":23,\"commentCount\":0,\"publisher\":{\"@id\":\"https:\\\/\\\/www.pefc.cat\\\/#organization\"},\"image\":{\"@id\":\"https:\\\/\\\/www.pefc.cat\\\/es\\\/campanyaincendisforestals\\\/#primaryimage\"},\"thumbnailUrl\":\"https:\\\/\\\/www.pefc.cat\\\/wp-content\\\/uploads\\\/2021\\\/06\\\/Stop-al-Foc.-Tu-ens-tens-la-Clau.jpg\",\"articleSection\":[\"Noticias\"],\"inLanguage\":\"es\",\"potentialAction\":[{\"@type\":\"CommentAction\",\"name\":\"Comment\",\"target\":[\"https:\\\/\\\/www.pefc.cat\\\/es\\\/campanyaincendisforestals\\\/#respond\"]}]},{\"@type\":\"WebPage\",\"@id\":\"https:\\\/\\\/www.pefc.cat\\\/es\\\/campanyaincendisforestals\\\/\",\"url\":\"https:\\\/\\\/www.pefc.cat\\\/es\\\/campanyaincendisforestals\\\/\",\"name\":\"PEFC Catalu\u00f1a hace un llamamiento a la ciudadan\u00eda a implicarse activamente en la campa\u00f1a de prevenci\u00f3n de incendios forestales - PEFC Catalunya\",\"isPartOf\":{\"@id\":\"https:\\\/\\\/www.pefc.cat\\\/#website\"},\"primaryImageOfPage\":{\"@id\":\"https:\\\/\\\/www.pefc.cat\\\/es\\\/campanyaincendisforestals\\\/#primaryimage\"},\"image\":{\"@id\":\"https:\\\/\\\/www.pefc.cat\\\/es\\\/campanyaincendisforestals\\\/#primaryimage\"},\"thumbnailUrl\":\"https:\\\/\\\/www.pefc.cat\\\/wp-content\\\/uploads\\\/2021\\\/06\\\/Stop-al-Foc.-Tu-ens-tens-la-Clau.jpg\",\"datePublished\":\"2021-06-14T09:04:21+00:00\",\"dateModified\":\"2021-08-04T09:45:45+00:00\",\"description\":\"STOP AL FUEGO! T\u00da TIENES LA LLAVE! Un incendio forestal puede provocar la desaparici\u00f3n de una parte importante del patrimonio natural del pa\u00eds, provocando p\u00e9rdidas millonarias tanto para la propiedad forestal como para el conjunto de la sociedad que se beneficia de los m\u00faltiples y valiosos servicios que ofrecen los bosques catalanes.\",\"breadcrumb\":{\"@id\":\"https:\\\/\\\/www.pefc.cat\\\/es\\\/campanyaincendisforestals\\\/#breadcrumb\"},\"inLanguage\":\"es\",\"potentialAction\":[{\"@type\":\"ReadAction\",\"target\":[\"https:\\\/\\\/www.pefc.cat\\\/es\\\/campanyaincendisforestals\\\/\"]}]},{\"@type\":\"ImageObject\",\"inLanguage\":\"es\",\"@id\":\"https:\\\/\\\/www.pefc.cat\\\/es\\\/campanyaincendisforestals\\\/#primaryimage\",\"url\":\"https:\\\/\\\/www.pefc.cat\\\/wp-content\\\/uploads\\\/2021\\\/06\\\/Stop-al-Foc.-Tu-ens-tens-la-Clau.jpg\",\"contentUrl\":\"https:\\\/\\\/www.pefc.cat\\\/wp-content\\\/uploads\\\/2021\\\/06\\\/Stop-al-Foc.-Tu-ens-tens-la-Clau.jpg\",\"width\":1176,\"height\":832},{\"@type\":\"BreadcrumbList\",\"@id\":\"https:\\\/\\\/www.pefc.cat\\\/es\\\/campanyaincendisforestals\\\/#breadcrumb\",\"itemListElement\":[{\"@type\":\"ListItem\",\"position\":1,\"name\":\"Portada\",\"item\":\"https:\\\/\\\/www.pefc.cat\\\/es\\\/\"},{\"@type\":\"ListItem\",\"position\":2,\"name\":\"PEFC Catalu\u00f1a hace un llamamiento a la ciudadan\u00eda a implicarse activamente en la campa\u00f1a de prevenci\u00f3n de incendios forestales\"}]},{\"@type\":\"WebSite\",\"@id\":\"https:\\\/\\\/www.pefc.cat\\\/#website\",\"url\":\"https:\\\/\\\/www.pefc.cat\\\/\",\"name\":\"PEFC Catalunya\",\"description\":\"Asociaci&oacute;n Catalana Promotora de la Certificaci&oacute;n Forestal, PEFC Catalunya\",\"publisher\":{\"@id\":\"https:\\\/\\\/www.pefc.cat\\\/#organization\"},\"potentialAction\":[{\"@type\":\"SearchAction\",\"target\":{\"@type\":\"EntryPoint\",\"urlTemplate\":\"https:\\\/\\\/www.pefc.cat\\\/?s={search_term_string}\"},\"query-input\":{\"@type\":\"PropertyValueSpecification\",\"valueRequired\":true,\"valueName\":\"search_term_string\"}}],\"inLanguage\":\"es\"},{\"@type\":\"Organization\",\"@id\":\"https:\\\/\\\/www.pefc.cat\\\/#organization\",\"name\":\"PEFC Catalunya\",\"url\":\"https:\\\/\\\/www.pefc.cat\\\/\",\"logo\":{\"@type\":\"ImageObject\",\"inLanguage\":\"es\",\"@id\":\"https:\\\/\\\/www.pefc.cat\\\/#\\\/schema\\\/logo\\\/image\\\/\",\"url\":\"https:\\\/\\\/www.pefc.cat\\\/wp-content\\\/uploads\\\/2020\\\/12\\\/logo-PEFC-serial.svg\",\"contentUrl\":\"https:\\\/\\\/www.pefc.cat\\\/wp-content\\\/uploads\\\/2020\\\/12\\\/logo-PEFC-serial.svg\",\"width\":\"1024\",\"height\":\"1024\",\"caption\":\"PEFC Catalunya\"},\"image\":{\"@id\":\"https:\\\/\\\/www.pefc.cat\\\/#\\\/schema\\\/logo\\\/image\\\/\"},\"sameAs\":[\"https:\\\/\\\/x.com\\\/PEFC_Catalunya\",\"https:\\\/\\\/www.linkedin.com\\\/company\\\/pefc-catalunya\\\/\"]},{\"@type\":\"Person\",\"@id\":\"https:\\\/\\\/www.pefc.cat\\\/#\\\/schema\\\/person\\\/f35aaea547d52dac809465bc2fda00db\",\"name\":\"Robert Roch\",\"image\":{\"@type\":\"ImageObject\",\"inLanguage\":\"es\",\"@id\":\"https:\\\/\\\/secure.gravatar.com\\\/avatar\\\/d3599dcf62ef9080c9f4ca0e1d653d8643e664ca134b33dc39e9bab7cd6a0f41?s=96&d=mm&r=g\",\"url\":\"https:\\\/\\\/secure.gravatar.com\\\/avatar\\\/d3599dcf62ef9080c9f4ca0e1d653d8643e664ca134b33dc39e9bab7cd6a0f41?s=96&d=mm&r=g\",\"contentUrl\":\"https:\\\/\\\/secure.gravatar.com\\\/avatar\\\/d3599dcf62ef9080c9f4ca0e1d653d8643e664ca134b33dc39e9bab7cd6a0f41?s=96&d=mm&r=g\",\"caption\":\"Robert Roch\"},\"sameAs\":[\"https:\\\/\\\/pefc.cat\"]}]}<\/script>\n<!-- \/ Yoast SEO plugin. -->","yoast_head_json":{"title":"PEFC Catalu\u00f1a hace un llamamiento a la ciudadan\u00eda a implicarse activamente en la campa\u00f1a de prevenci\u00f3n de incendios forestales - PEFC Catalunya","description":"STOP AL FUEGO! T\u00da TIENES LA LLAVE! Un incendio forestal puede provocar la desaparici\u00f3n de una parte importante del patrimonio natural del pa\u00eds, provocando p\u00e9rdidas millonarias tanto para la propiedad forestal como para el conjunto de la sociedad que se beneficia de los m\u00faltiples y valiosos servicios que ofrecen los bosques catalanes.","robots":{"index":"index","follow":"follow","max-snippet":"max-snippet:-1","max-image-preview":"max-image-preview:large","max-video-preview":"max-video-preview:-1"},"canonical":"https:\/\/www.pefc.cat\/es\/campanyaincendisforestals\/","og_locale":"es_ES","og_type":"article","og_title":"PEFC Catalu\u00f1a hace un llamamiento a la ciudadan\u00eda a implicarse activamente en la campa\u00f1a de prevenci\u00f3n de incendios forestales - PEFC Catalunya","og_description":"STOP AL FUEGO! T\u00da TIENES LA LLAVE! Un incendio forestal puede provocar la desaparici\u00f3n de una parte importante del patrimonio natural del pa\u00eds, provocando p\u00e9rdidas millonarias tanto para la propiedad forestal como para el conjunto de la sociedad que se beneficia de los m\u00faltiples y valiosos servicios que ofrecen los bosques catalanes.","og_url":"https:\/\/www.pefc.cat\/es\/campanyaincendisforestals\/","og_site_name":"PEFC Catalunya","article_published_time":"2021-06-14T09:04:21+00:00","article_modified_time":"2021-08-04T09:45:45+00:00","og_image":[{"width":1176,"height":832,"url":"https:\/\/www.pefc.cat\/wp-content\/uploads\/2021\/06\/Stop-al-Foc.-Tu-ens-tens-la-Clau.jpg","type":"image\/jpeg"}],"author":"Robert Roch","twitter_card":"summary_large_image","twitter_creator":"@PEFC_Catalunya","twitter_site":"@PEFC_Catalunya","twitter_misc":{"Escrito por":"Robert Roch"},"schema":{"@context":"https:\/\/schema.org","@graph":[{"@type":"Article","@id":"https:\/\/www.pefc.cat\/es\/campanyaincendisforestals\/#article","isPartOf":{"@id":"https:\/\/www.pefc.cat\/es\/campanyaincendisforestals\/"},"author":{"name":"Robert Roch","@id":"https:\/\/www.pefc.cat\/#\/schema\/person\/f35aaea547d52dac809465bc2fda00db"},"headline":"PEFC Catalu\u00f1a hace un llamamiento a la ciudadan\u00eda a implicarse activamente en la campa\u00f1a de prevenci\u00f3n de incendios forestales","datePublished":"2021-06-14T09:04:21+00:00","dateModified":"2021-08-04T09:45:45+00:00","mainEntityOfPage":{"@id":"https:\/\/www.pefc.cat\/es\/campanyaincendisforestals\/"},"wordCount":23,"commentCount":0,"publisher":{"@id":"https:\/\/www.pefc.cat\/#organization"},"image":{"@id":"https:\/\/www.pefc.cat\/es\/campanyaincendisforestals\/#primaryimage"},"thumbnailUrl":"https:\/\/www.pefc.cat\/wp-content\/uploads\/2021\/06\/Stop-al-Foc.-Tu-ens-tens-la-Clau.jpg","articleSection":["Noticias"],"inLanguage":"es","potentialAction":[{"@type":"CommentAction","name":"Comment","target":["https:\/\/www.pefc.cat\/es\/campanyaincendisforestals\/#respond"]}]},{"@type":"WebPage","@id":"https:\/\/www.pefc.cat\/es\/campanyaincendisforestals\/","url":"https:\/\/www.pefc.cat\/es\/campanyaincendisforestals\/","name":"PEFC Catalu\u00f1a hace un llamamiento a la ciudadan\u00eda a implicarse activamente en la campa\u00f1a de prevenci\u00f3n de incendios forestales - PEFC Catalunya","isPartOf":{"@id":"https:\/\/www.pefc.cat\/#website"},"primaryImageOfPage":{"@id":"https:\/\/www.pefc.cat\/es\/campanyaincendisforestals\/#primaryimage"},"image":{"@id":"https:\/\/www.pefc.cat\/es\/campanyaincendisforestals\/#primaryimage"},"thumbnailUrl":"https:\/\/www.pefc.cat\/wp-content\/uploads\/2021\/06\/Stop-al-Foc.-Tu-ens-tens-la-Clau.jpg","datePublished":"2021-06-14T09:04:21+00:00","dateModified":"2021-08-04T09:45:45+00:00","description":"STOP AL FUEGO! T\u00da TIENES LA LLAVE! Un incendio forestal puede provocar la desaparici\u00f3n de una parte importante del patrimonio natural del pa\u00eds, provocando p\u00e9rdidas millonarias tanto para la propiedad forestal como para el conjunto de la sociedad que se beneficia de los m\u00faltiples y valiosos servicios que ofrecen los bosques catalanes.","breadcrumb":{"@id":"https:\/\/www.pefc.cat\/es\/campanyaincendisforestals\/#breadcrumb"},"inLanguage":"es","potentialAction":[{"@type":"ReadAction","target":["https:\/\/www.pefc.cat\/es\/campanyaincendisforestals\/"]}]},{"@type":"ImageObject","inLanguage":"es","@id":"https:\/\/www.pefc.cat\/es\/campanyaincendisforestals\/#primaryimage","url":"https:\/\/www.pefc.cat\/wp-content\/uploads\/2021\/06\/Stop-al-Foc.-Tu-ens-tens-la-Clau.jpg","contentUrl":"https:\/\/www.pefc.cat\/wp-content\/uploads\/2021\/06\/Stop-al-Foc.-Tu-ens-tens-la-Clau.jpg","width":1176,"height":832},{"@type":"BreadcrumbList","@id":"https:\/\/www.pefc.cat\/es\/campanyaincendisforestals\/#breadcrumb","itemListElement":[{"@type":"ListItem","position":1,"name":"Portada","item":"https:\/\/www.pefc.cat\/es\/"},{"@type":"ListItem","position":2,"name":"PEFC Catalu\u00f1a hace un llamamiento a la ciudadan\u00eda a implicarse activamente en la campa\u00f1a de prevenci\u00f3n de incendios forestales"}]},{"@type":"WebSite","@id":"https:\/\/www.pefc.cat\/#website","url":"https:\/\/www.pefc.cat\/","name":"PEFC Catalunya","description":"Asociaci&oacute;n Catalana Promotora de la Certificaci&oacute;n Forestal, PEFC Catalunya","publisher":{"@id":"https:\/\/www.pefc.cat\/#organization"},"potentialAction":[{"@type":"SearchAction","target":{"@type":"EntryPoint","urlTemplate":"https:\/\/www.pefc.cat\/?s={search_term_string}"},"query-input":{"@type":"PropertyValueSpecification","valueRequired":true,"valueName":"search_term_string"}}],"inLanguage":"es"},{"@type":"Organization","@id":"https:\/\/www.pefc.cat\/#organization","name":"PEFC Catalunya","url":"https:\/\/www.pefc.cat\/","logo":{"@type":"ImageObject","inLanguage":"es","@id":"https:\/\/www.pefc.cat\/#\/schema\/logo\/image\/","url":"https:\/\/www.pefc.cat\/wp-content\/uploads\/2020\/12\/logo-PEFC-serial.svg","contentUrl":"https:\/\/www.pefc.cat\/wp-content\/uploads\/2020\/12\/logo-PEFC-serial.svg","width":"1024","height":"1024","caption":"PEFC Catalunya"},"image":{"@id":"https:\/\/www.pefc.cat\/#\/schema\/logo\/image\/"},"sameAs":["https:\/\/x.com\/PEFC_Catalunya","https:\/\/www.linkedin.com\/company\/pefc-catalunya\/"]},{"@type":"Person","@id":"https:\/\/www.pefc.cat\/#\/schema\/person\/f35aaea547d52dac809465bc2fda00db","name":"Robert Roch","image":{"@type":"ImageObject","inLanguage":"es","@id":"https:\/\/secure.gravatar.com\/avatar\/d3599dcf62ef9080c9f4ca0e1d653d8643e664ca134b33dc39e9bab7cd6a0f41?s=96&d=mm&r=g","url":"https:\/\/secure.gravatar.com\/avatar\/d3599dcf62ef9080c9f4ca0e1d653d8643e664ca134b33dc39e9bab7cd6a0f41?s=96&d=mm&r=g","contentUrl":"https:\/\/secure.gravatar.com\/avatar\/d3599dcf62ef9080c9f4ca0e1d653d8643e664ca134b33dc39e9bab7cd6a0f41?s=96&d=mm&r=g","caption":"Robert Roch"},"sameAs":["https:\/\/pefc.cat"]}]}},"_links":{"self":[{"href":"https:\/\/www.pefc.cat\/es\/wp-json\/wp\/v2\/posts\/1641","targetHints":{"allow":["GET"]}}],"collection":[{"href":"https:\/\/www.pefc.cat\/es\/wp-json\/wp\/v2\/posts"}],"about":[{"href":"https:\/\/www.pefc.cat\/es\/wp-json\/wp\/v2\/types\/post"}],"author":[{"embeddable":true,"href":"https:\/\/www.pefc.cat\/es\/wp-json\/wp\/v2\/users\/6"}],"replies":[{"embeddable":true,"href":"https:\/\/www.pefc.cat\/es\/wp-json\/wp\/v2\/comments?post=1641"}],"version-history":[{"count":0,"href":"https:\/\/www.pefc.cat\/es\/wp-json\/wp\/v2\/posts\/1641\/revisions"}],"wp:featuredmedia":[{"embeddable":true,"href":"https:\/\/www.pefc.cat\/es\/wp-json\/wp\/v2\/media\/1635"}],"wp:attachment":[{"href":"https:\/\/www.pefc.cat\/es\/wp-json\/wp\/v2\/media?parent=1641"}],"wp:term":[{"taxonomy":"category","embeddable":true,"href":"https:\/\/www.pefc.cat\/es\/wp-json\/wp\/v2\/categories?post=1641"},{"taxonomy":"post_tag","embeddable":true,"href":"https:\/\/www.pefc.cat\/es\/wp-json\/wp\/v2\/tags?post=1641"}],"curies":[{"name":"wp","href":"https:\/\/api.w.org\/{rel}","templated":true}]}}