{"id":1939,"date":"2021-11-08T11:26:14","date_gmt":"2021-11-08T10:26:14","guid":{"rendered":"https:\/\/www.pefc.cat\/pefc-catalunya-va-celebrar-els-seus-20-anys\/"},"modified":"2021-11-08T11:41:31","modified_gmt":"2021-11-08T10:41:31","slug":"pefc-catalunya-va-celebrar-els-seus-20-anys","status":"publish","type":"post","link":"https:\/\/www.pefc.cat\/es\/pefc-catalunya-va-celebrar-els-seus-20-anys\/","title":{"rendered":"PEFC Catalu\u00f1a celebr\u00f3 sus 20 a\u00f1os protegiendo los bosques"},"content":{"rendered":"","protected":false},"excerpt":{"rendered":"<p>El pasado jueves, 4 de noviembre, tuvo lugar la celebraci\u00f3n del 20\u00ba aniversario de PEFC Catalu\u00f1a en la Antigua F\u00e1brica Damm de Barcelona donde pudimos contar con la presencia de reconocidas personalidades del sector forestal, miembros de PEFC, las empresas que se certifican, prensa e instituciones. <\/p>\n","protected":false},"author":7,"featured_media":1928,"comment_status":"open","ping_status":"open","sticky":false,"template":"","format":"standard","meta":{"footnotes":""},"categories":[34,51,6,42],"tags":[],"class_list":["post-1939","post","type-post","status-publish","format-standard","has-post-thumbnail","hentry","category-noticias","category-responsabilitat-empresarial-es","category-sin-categorizar","category-sostenibilidad"],"yoast_head":"<!-- This site is optimized with the Yoast SEO plugin v27.4 - https:\/\/yoast.com\/product\/yoast-seo-wordpress\/ -->\n<title>PEFC Catalu\u00f1a celebr\u00f3 sus 20 a\u00f1os protegiendo los bosques - PEFC Catalunya<\/title>\n<meta name=\"description\" content=\"El pasado jueves, 4 de noviembre, tuvo lugar la celebraci\u00f3n del 20\u00ba aniversario de PEFC Catalu\u00f1a en la Antigua F\u00e1brica Damm de Barcelona donde pudimos contar con la presencia de reconocidas personalidades del sector forestal, miembros de PEFC, las empresas que se certifican, prensa e instituciones.\" \/>\n<meta name=\"robots\" content=\"index, follow, max-snippet:-1, max-image-preview:large, max-video-preview:-1\" \/>\n<link rel=\"canonical\" href=\"https:\/\/www.pefc.cat\/es\/pefc-catalunya-va-celebrar-els-seus-20-anys\/\" \/>\n<meta property=\"og:locale\" content=\"es_ES\" \/>\n<meta property=\"og:type\" content=\"article\" \/>\n<meta property=\"og:title\" content=\"PEFC Catalu\u00f1a celebr\u00f3 sus 20 a\u00f1os protegiendo los bosques - PEFC Catalunya\" \/>\n<meta property=\"og:description\" content=\"El pasado jueves, 4 de noviembre, tuvo lugar la celebraci\u00f3n del 20\u00ba aniversario de PEFC Catalu\u00f1a en la Antigua F\u00e1brica Damm de Barcelona donde pudimos contar con la presencia de reconocidas personalidades del sector forestal, miembros de PEFC, las empresas que se certifican, prensa e instituciones.\" \/>\n<meta property=\"og:url\" content=\"https:\/\/www.pefc.cat\/es\/pefc-catalunya-va-celebrar-els-seus-20-anys\/\" \/>\n<meta property=\"og:site_name\" content=\"PEFC Catalunya\" \/>\n<meta property=\"article:published_time\" content=\"2021-11-08T10:26:14+00:00\" \/>\n<meta property=\"article:modified_time\" content=\"2021-11-08T10:41:31+00:00\" \/>\n<meta property=\"og:image\" content=\"https:\/\/www.pefc.cat\/wp-content\/uploads\/JMV-scaled.jpg\" \/>\n\t<meta property=\"og:image:width\" content=\"2560\" \/>\n\t<meta property=\"og:image:height\" content=\"1707\" \/>\n\t<meta property=\"og:image:type\" content=\"image\/jpeg\" \/>\n<meta name=\"author\" content=\"comunicacio\" \/>\n<meta name=\"twitter:card\" content=\"summary_large_image\" \/>\n<meta name=\"twitter:creator\" content=\"@PEFC_Catalunya\" \/>\n<meta name=\"twitter:site\" content=\"@PEFC_Catalunya\" \/>\n<meta name=\"twitter:label1\" content=\"Escrito por\" \/>\n\t<meta name=\"twitter:data1\" content=\"comunicacio\" \/>\n<script type=\"application\/ld+json\" class=\"yoast-schema-graph\">{\"@context\":\"https:\\\/\\\/schema.org\",\"@graph\":[{\"@type\":\"Article\",\"@id\":\"https:\\\/\\\/www.pefc.cat\\\/es\\\/pefc-catalunya-va-celebrar-els-seus-20-anys\\\/#article\",\"isPartOf\":{\"@id\":\"https:\\\/\\\/www.pefc.cat\\\/es\\\/pefc-catalunya-va-celebrar-els-seus-20-anys\\\/\"},\"author\":{\"name\":\"comunicacio\",\"@id\":\"https:\\\/\\\/www.pefc.cat\\\/#\\\/schema\\\/person\\\/26f51c1c3fa09af9fcbf3646ce008d82\"},\"headline\":\"PEFC Catalu\u00f1a celebr\u00f3 sus 20 a\u00f1os protegiendo los bosques\",\"datePublished\":\"2021-11-08T10:26:14+00:00\",\"dateModified\":\"2021-11-08T10:41:31+00:00\",\"mainEntityOfPage\":{\"@id\":\"https:\\\/\\\/www.pefc.cat\\\/es\\\/pefc-catalunya-va-celebrar-els-seus-20-anys\\\/\"},\"wordCount\":10,\"commentCount\":0,\"publisher\":{\"@id\":\"https:\\\/\\\/www.pefc.cat\\\/#organization\"},\"image\":{\"@id\":\"https:\\\/\\\/www.pefc.cat\\\/es\\\/pefc-catalunya-va-celebrar-els-seus-20-anys\\\/#primaryimage\"},\"thumbnailUrl\":\"https:\\\/\\\/www.pefc.cat\\\/wp-content\\\/uploads\\\/JMV-scaled.jpg\",\"articleSection\":[\"Noticias\",\"Responsabilitat Empresarial\",\"Sin categorizar\",\"Sostenibilidad\"],\"inLanguage\":\"es\",\"potentialAction\":[{\"@type\":\"CommentAction\",\"name\":\"Comment\",\"target\":[\"https:\\\/\\\/www.pefc.cat\\\/es\\\/pefc-catalunya-va-celebrar-els-seus-20-anys\\\/#respond\"]}]},{\"@type\":\"WebPage\",\"@id\":\"https:\\\/\\\/www.pefc.cat\\\/es\\\/pefc-catalunya-va-celebrar-els-seus-20-anys\\\/\",\"url\":\"https:\\\/\\\/www.pefc.cat\\\/es\\\/pefc-catalunya-va-celebrar-els-seus-20-anys\\\/\",\"name\":\"PEFC Catalu\u00f1a celebr\u00f3 sus 20 a\u00f1os protegiendo los bosques - PEFC Catalunya\",\"isPartOf\":{\"@id\":\"https:\\\/\\\/www.pefc.cat\\\/#website\"},\"primaryImageOfPage\":{\"@id\":\"https:\\\/\\\/www.pefc.cat\\\/es\\\/pefc-catalunya-va-celebrar-els-seus-20-anys\\\/#primaryimage\"},\"image\":{\"@id\":\"https:\\\/\\\/www.pefc.cat\\\/es\\\/pefc-catalunya-va-celebrar-els-seus-20-anys\\\/#primaryimage\"},\"thumbnailUrl\":\"https:\\\/\\\/www.pefc.cat\\\/wp-content\\\/uploads\\\/JMV-scaled.jpg\",\"datePublished\":\"2021-11-08T10:26:14+00:00\",\"dateModified\":\"2021-11-08T10:41:31+00:00\",\"description\":\"El pasado jueves, 4 de noviembre, tuvo lugar la celebraci\u00f3n del 20\u00ba aniversario de PEFC Catalu\u00f1a en la Antigua F\u00e1brica Damm de Barcelona donde pudimos contar con la presencia de reconocidas personalidades del sector forestal, miembros de PEFC, las empresas que se certifican, prensa e instituciones.\",\"breadcrumb\":{\"@id\":\"https:\\\/\\\/www.pefc.cat\\\/es\\\/pefc-catalunya-va-celebrar-els-seus-20-anys\\\/#breadcrumb\"},\"inLanguage\":\"es\",\"potentialAction\":[{\"@type\":\"ReadAction\",\"target\":[\"https:\\\/\\\/www.pefc.cat\\\/es\\\/pefc-catalunya-va-celebrar-els-seus-20-anys\\\/\"]}]},{\"@type\":\"ImageObject\",\"inLanguage\":\"es\",\"@id\":\"https:\\\/\\\/www.pefc.cat\\\/es\\\/pefc-catalunya-va-celebrar-els-seus-20-anys\\\/#primaryimage\",\"url\":\"https:\\\/\\\/www.pefc.cat\\\/wp-content\\\/uploads\\\/JMV-scaled.jpg\",\"contentUrl\":\"https:\\\/\\\/www.pefc.cat\\\/wp-content\\\/uploads\\\/JMV-scaled.jpg\",\"width\":2560,\"height\":1707},{\"@type\":\"BreadcrumbList\",\"@id\":\"https:\\\/\\\/www.pefc.cat\\\/es\\\/pefc-catalunya-va-celebrar-els-seus-20-anys\\\/#breadcrumb\",\"itemListElement\":[{\"@type\":\"ListItem\",\"position\":1,\"name\":\"Portada\",\"item\":\"https:\\\/\\\/www.pefc.cat\\\/es\\\/\"},{\"@type\":\"ListItem\",\"position\":2,\"name\":\"PEFC Catalu\u00f1a celebr\u00f3 sus 20 a\u00f1os protegiendo los bosques\"}]},{\"@type\":\"WebSite\",\"@id\":\"https:\\\/\\\/www.pefc.cat\\\/#website\",\"url\":\"https:\\\/\\\/www.pefc.cat\\\/\",\"name\":\"PEFC Catalunya\",\"description\":\"Asociaci&oacute;n Catalana Promotora de la Certificaci&oacute;n Forestal, PEFC Catalunya\",\"publisher\":{\"@id\":\"https:\\\/\\\/www.pefc.cat\\\/#organization\"},\"potentialAction\":[{\"@type\":\"SearchAction\",\"target\":{\"@type\":\"EntryPoint\",\"urlTemplate\":\"https:\\\/\\\/www.pefc.cat\\\/?s={search_term_string}\"},\"query-input\":{\"@type\":\"PropertyValueSpecification\",\"valueRequired\":true,\"valueName\":\"search_term_string\"}}],\"inLanguage\":\"es\"},{\"@type\":\"Organization\",\"@id\":\"https:\\\/\\\/www.pefc.cat\\\/#organization\",\"name\":\"PEFC Catalunya\",\"url\":\"https:\\\/\\\/www.pefc.cat\\\/\",\"logo\":{\"@type\":\"ImageObject\",\"inLanguage\":\"es\",\"@id\":\"https:\\\/\\\/www.pefc.cat\\\/#\\\/schema\\\/logo\\\/image\\\/\",\"url\":\"https:\\\/\\\/www.pefc.cat\\\/wp-content\\\/uploads\\\/2020\\\/12\\\/logo-PEFC-serial.svg\",\"contentUrl\":\"https:\\\/\\\/www.pefc.cat\\\/wp-content\\\/uploads\\\/2020\\\/12\\\/logo-PEFC-serial.svg\",\"width\":\"1024\",\"height\":\"1024\",\"caption\":\"PEFC Catalunya\"},\"image\":{\"@id\":\"https:\\\/\\\/www.pefc.cat\\\/#\\\/schema\\\/logo\\\/image\\\/\"},\"sameAs\":[\"https:\\\/\\\/x.com\\\/PEFC_Catalunya\",\"https:\\\/\\\/www.linkedin.com\\\/company\\\/pefc-catalunya\\\/\"]},{\"@type\":\"Person\",\"@id\":\"https:\\\/\\\/www.pefc.cat\\\/#\\\/schema\\\/person\\\/26f51c1c3fa09af9fcbf3646ce008d82\",\"name\":\"comunicacio\",\"image\":{\"@type\":\"ImageObject\",\"inLanguage\":\"es\",\"@id\":\"https:\\\/\\\/secure.gravatar.com\\\/avatar\\\/652084eb6c47fad23faae12a89822116bef8233020b6f8cb9ab0f69313b9c319?s=96&d=mm&r=g\",\"url\":\"https:\\\/\\\/secure.gravatar.com\\\/avatar\\\/652084eb6c47fad23faae12a89822116bef8233020b6f8cb9ab0f69313b9c319?s=96&d=mm&r=g\",\"contentUrl\":\"https:\\\/\\\/secure.gravatar.com\\\/avatar\\\/652084eb6c47fad23faae12a89822116bef8233020b6f8cb9ab0f69313b9c319?s=96&d=mm&r=g\",\"caption\":\"comunicacio\"}}]}<\/script>\n<!-- \/ Yoast SEO plugin. -->","yoast_head_json":{"title":"PEFC Catalu\u00f1a celebr\u00f3 sus 20 a\u00f1os protegiendo los bosques - PEFC Catalunya","description":"El pasado jueves, 4 de noviembre, tuvo lugar la celebraci\u00f3n del 20\u00ba aniversario de PEFC Catalu\u00f1a en la Antigua F\u00e1brica Damm de Barcelona donde pudimos contar con la presencia de reconocidas personalidades del sector forestal, miembros de PEFC, las empresas que se certifican, prensa e instituciones.","robots":{"index":"index","follow":"follow","max-snippet":"max-snippet:-1","max-image-preview":"max-image-preview:large","max-video-preview":"max-video-preview:-1"},"canonical":"https:\/\/www.pefc.cat\/es\/pefc-catalunya-va-celebrar-els-seus-20-anys\/","og_locale":"es_ES","og_type":"article","og_title":"PEFC Catalu\u00f1a celebr\u00f3 sus 20 a\u00f1os protegiendo los bosques - PEFC Catalunya","og_description":"El pasado jueves, 4 de noviembre, tuvo lugar la celebraci\u00f3n del 20\u00ba aniversario de PEFC Catalu\u00f1a en la Antigua F\u00e1brica Damm de Barcelona donde pudimos contar con la presencia de reconocidas personalidades del sector forestal, miembros de PEFC, las empresas que se certifican, prensa e instituciones.","og_url":"https:\/\/www.pefc.cat\/es\/pefc-catalunya-va-celebrar-els-seus-20-anys\/","og_site_name":"PEFC Catalunya","article_published_time":"2021-11-08T10:26:14+00:00","article_modified_time":"2021-11-08T10:41:31+00:00","og_image":[{"width":2560,"height":1707,"url":"https:\/\/www.pefc.cat\/wp-content\/uploads\/JMV-scaled.jpg","type":"image\/jpeg"}],"author":"comunicacio","twitter_card":"summary_large_image","twitter_creator":"@PEFC_Catalunya","twitter_site":"@PEFC_Catalunya","twitter_misc":{"Escrito por":"comunicacio"},"schema":{"@context":"https:\/\/schema.org","@graph":[{"@type":"Article","@id":"https:\/\/www.pefc.cat\/es\/pefc-catalunya-va-celebrar-els-seus-20-anys\/#article","isPartOf":{"@id":"https:\/\/www.pefc.cat\/es\/pefc-catalunya-va-celebrar-els-seus-20-anys\/"},"author":{"name":"comunicacio","@id":"https:\/\/www.pefc.cat\/#\/schema\/person\/26f51c1c3fa09af9fcbf3646ce008d82"},"headline":"PEFC Catalu\u00f1a celebr\u00f3 sus 20 a\u00f1os protegiendo los bosques","datePublished":"2021-11-08T10:26:14+00:00","dateModified":"2021-11-08T10:41:31+00:00","mainEntityOfPage":{"@id":"https:\/\/www.pefc.cat\/es\/pefc-catalunya-va-celebrar-els-seus-20-anys\/"},"wordCount":10,"commentCount":0,"publisher":{"@id":"https:\/\/www.pefc.cat\/#organization"},"image":{"@id":"https:\/\/www.pefc.cat\/es\/pefc-catalunya-va-celebrar-els-seus-20-anys\/#primaryimage"},"thumbnailUrl":"https:\/\/www.pefc.cat\/wp-content\/uploads\/JMV-scaled.jpg","articleSection":["Noticias","Responsabilitat Empresarial","Sin categorizar","Sostenibilidad"],"inLanguage":"es","potentialAction":[{"@type":"CommentAction","name":"Comment","target":["https:\/\/www.pefc.cat\/es\/pefc-catalunya-va-celebrar-els-seus-20-anys\/#respond"]}]},{"@type":"WebPage","@id":"https:\/\/www.pefc.cat\/es\/pefc-catalunya-va-celebrar-els-seus-20-anys\/","url":"https:\/\/www.pefc.cat\/es\/pefc-catalunya-va-celebrar-els-seus-20-anys\/","name":"PEFC Catalu\u00f1a celebr\u00f3 sus 20 a\u00f1os protegiendo los bosques - PEFC Catalunya","isPartOf":{"@id":"https:\/\/www.pefc.cat\/#website"},"primaryImageOfPage":{"@id":"https:\/\/www.pefc.cat\/es\/pefc-catalunya-va-celebrar-els-seus-20-anys\/#primaryimage"},"image":{"@id":"https:\/\/www.pefc.cat\/es\/pefc-catalunya-va-celebrar-els-seus-20-anys\/#primaryimage"},"thumbnailUrl":"https:\/\/www.pefc.cat\/wp-content\/uploads\/JMV-scaled.jpg","datePublished":"2021-11-08T10:26:14+00:00","dateModified":"2021-11-08T10:41:31+00:00","description":"El pasado jueves, 4 de noviembre, tuvo lugar la celebraci\u00f3n del 20\u00ba aniversario de PEFC Catalu\u00f1a en la Antigua F\u00e1brica Damm de Barcelona donde pudimos contar con la presencia de reconocidas personalidades del sector forestal, miembros de PEFC, las empresas que se certifican, prensa e instituciones.","breadcrumb":{"@id":"https:\/\/www.pefc.cat\/es\/pefc-catalunya-va-celebrar-els-seus-20-anys\/#breadcrumb"},"inLanguage":"es","potentialAction":[{"@type":"ReadAction","target":["https:\/\/www.pefc.cat\/es\/pefc-catalunya-va-celebrar-els-seus-20-anys\/"]}]},{"@type":"ImageObject","inLanguage":"es","@id":"https:\/\/www.pefc.cat\/es\/pefc-catalunya-va-celebrar-els-seus-20-anys\/#primaryimage","url":"https:\/\/www.pefc.cat\/wp-content\/uploads\/JMV-scaled.jpg","contentUrl":"https:\/\/www.pefc.cat\/wp-content\/uploads\/JMV-scaled.jpg","width":2560,"height":1707},{"@type":"BreadcrumbList","@id":"https:\/\/www.pefc.cat\/es\/pefc-catalunya-va-celebrar-els-seus-20-anys\/#breadcrumb","itemListElement":[{"@type":"ListItem","position":1,"name":"Portada","item":"https:\/\/www.pefc.cat\/es\/"},{"@type":"ListItem","position":2,"name":"PEFC Catalu\u00f1a celebr\u00f3 sus 20 a\u00f1os protegiendo los bosques"}]},{"@type":"WebSite","@id":"https:\/\/www.pefc.cat\/#website","url":"https:\/\/www.pefc.cat\/","name":"PEFC Catalunya","description":"Asociaci&oacute;n Catalana Promotora de la Certificaci&oacute;n Forestal, PEFC Catalunya","publisher":{"@id":"https:\/\/www.pefc.cat\/#organization"},"potentialAction":[{"@type":"SearchAction","target":{"@type":"EntryPoint","urlTemplate":"https:\/\/www.pefc.cat\/?s={search_term_string}"},"query-input":{"@type":"PropertyValueSpecification","valueRequired":true,"valueName":"search_term_string"}}],"inLanguage":"es"},{"@type":"Organization","@id":"https:\/\/www.pefc.cat\/#organization","name":"PEFC Catalunya","url":"https:\/\/www.pefc.cat\/","logo":{"@type":"ImageObject","inLanguage":"es","@id":"https:\/\/www.pefc.cat\/#\/schema\/logo\/image\/","url":"https:\/\/www.pefc.cat\/wp-content\/uploads\/2020\/12\/logo-PEFC-serial.svg","contentUrl":"https:\/\/www.pefc.cat\/wp-content\/uploads\/2020\/12\/logo-PEFC-serial.svg","width":"1024","height":"1024","caption":"PEFC Catalunya"},"image":{"@id":"https:\/\/www.pefc.cat\/#\/schema\/logo\/image\/"},"sameAs":["https:\/\/x.com\/PEFC_Catalunya","https:\/\/www.linkedin.com\/company\/pefc-catalunya\/"]},{"@type":"Person","@id":"https:\/\/www.pefc.cat\/#\/schema\/person\/26f51c1c3fa09af9fcbf3646ce008d82","name":"comunicacio","image":{"@type":"ImageObject","inLanguage":"es","@id":"https:\/\/secure.gravatar.com\/avatar\/652084eb6c47fad23faae12a89822116bef8233020b6f8cb9ab0f69313b9c319?s=96&d=mm&r=g","url":"https:\/\/secure.gravatar.com\/avatar\/652084eb6c47fad23faae12a89822116bef8233020b6f8cb9ab0f69313b9c319?s=96&d=mm&r=g","contentUrl":"https:\/\/secure.gravatar.com\/avatar\/652084eb6c47fad23faae12a89822116bef8233020b6f8cb9ab0f69313b9c319?s=96&d=mm&r=g","caption":"comunicacio"}}]}},"_links":{"self":[{"href":"https:\/\/www.pefc.cat\/es\/wp-json\/wp\/v2\/posts\/1939","targetHints":{"allow":["GET"]}}],"collection":[{"href":"https:\/\/www.pefc.cat\/es\/wp-json\/wp\/v2\/posts"}],"about":[{"href":"https:\/\/www.pefc.cat\/es\/wp-json\/wp\/v2\/types\/post"}],"author":[{"embeddable":true,"href":"https:\/\/www.pefc.cat\/es\/wp-json\/wp\/v2\/users\/7"}],"replies":[{"embeddable":true,"href":"https:\/\/www.pefc.cat\/es\/wp-json\/wp\/v2\/comments?post=1939"}],"version-history":[{"count":0,"href":"https:\/\/www.pefc.cat\/es\/wp-json\/wp\/v2\/posts\/1939\/revisions"}],"wp:featuredmedia":[{"embeddable":true,"href":"https:\/\/www.pefc.cat\/es\/wp-json\/wp\/v2\/media\/1928"}],"wp:attachment":[{"href":"https:\/\/www.pefc.cat\/es\/wp-json\/wp\/v2\/media?parent=1939"}],"wp:term":[{"taxonomy":"category","embeddable":true,"href":"https:\/\/www.pefc.cat\/es\/wp-json\/wp\/v2\/categories?post=1939"},{"taxonomy":"post_tag","embeddable":true,"href":"https:\/\/www.pefc.cat\/es\/wp-json\/wp\/v2\/tags?post=1939"}],"curies":[{"name":"wp","href":"https:\/\/api.w.org\/{rel}","templated":true}]}}