{"id":2034,"date":"2021-12-21T13:10:33","date_gmt":"2021-12-21T12:10:33","guid":{"rendered":"https:\/\/www.pefc.cat\/entrevista-joaquin-araujo\/"},"modified":"2021-12-21T13:17:23","modified_gmt":"2021-12-21T12:17:23","slug":"entrevista-joaquin-araujo","status":"publish","type":"post","link":"https:\/\/www.pefc.cat\/es\/entrevista-joaquin-araujo\/","title":{"rendered":"Entrevista: Joaqu\u00edn Ara\u00fajo"},"content":{"rendered":"","protected":false},"excerpt":{"rendered":"<p>Joaqu\u00edn Ponciano es un naturalista y autor espa\u00f1ol de numerosos libros. Columnista habitual en los principales peri\u00f3dicos de Espa\u00f1a, trabaja asimismo como director, realizador, guionista y presentador de series y documentales de televisi\u00f3n. Es presidente de Proyecto Gran Simio en Espa\u00f1a.<\/p>\n","protected":false},"author":7,"featured_media":2032,"comment_status":"open","ping_status":"open","sticky":false,"template":"","format":"standard","meta":{"footnotes":""},"categories":[54,34],"tags":[],"class_list":["post-2034","post","type-post","status-publish","format-standard","has-post-thumbnail","hentry","category-boscos-es","category-noticias"],"yoast_head":"<!-- This site is optimized with the Yoast SEO plugin v27.4 - https:\/\/yoast.com\/product\/yoast-seo-wordpress\/ -->\n<title>Entrevista: Joaqu\u00edn Ara\u00fajo - PEFC Catalunya<\/title>\n<meta name=\"description\" content=\"Joaqu\u00edn Ponciano es un naturalista y autor espa\u00f1ol de numerosos libros. Columnista habitual en los principales peri\u00f3dicos de Espa\u00f1a, trabaja asimismo como director, realizador, guionista y presentador de series y documentales de televisi\u00f3n. Es presidente de Proyecto Gran Simio en Espa\u00f1a.\" \/>\n<meta name=\"robots\" content=\"index, follow, max-snippet:-1, max-image-preview:large, max-video-preview:-1\" \/>\n<link rel=\"canonical\" href=\"https:\/\/www.pefc.cat\/es\/entrevista-joaquin-araujo\/\" \/>\n<meta property=\"og:locale\" content=\"es_ES\" \/>\n<meta property=\"og:type\" content=\"article\" \/>\n<meta property=\"og:title\" content=\"Entrevista: Joaqu\u00edn Ara\u00fajo - PEFC Catalunya\" \/>\n<meta property=\"og:description\" content=\"Joaqu\u00edn Ponciano es un naturalista y autor espa\u00f1ol de numerosos libros. Columnista habitual en los principales peri\u00f3dicos de Espa\u00f1a, trabaja asimismo como director, realizador, guionista y presentador de series y documentales de televisi\u00f3n. Es presidente de Proyecto Gran Simio en Espa\u00f1a.\" \/>\n<meta property=\"og:url\" content=\"https:\/\/www.pefc.cat\/es\/entrevista-joaquin-araujo\/\" \/>\n<meta property=\"og:site_name\" content=\"PEFC Catalunya\" \/>\n<meta property=\"article:published_time\" content=\"2021-12-21T12:10:33+00:00\" \/>\n<meta property=\"article:modified_time\" content=\"2021-12-21T12:17:23+00:00\" \/>\n<meta property=\"og:image\" content=\"https:\/\/www.pefc.cat\/wp-content\/uploads\/Foto-Joaquin.png\" \/>\n\t<meta property=\"og:image:width\" content=\"433\" \/>\n\t<meta property=\"og:image:height\" content=\"481\" \/>\n\t<meta property=\"og:image:type\" content=\"image\/png\" \/>\n<meta name=\"author\" content=\"comunicacio\" \/>\n<meta name=\"twitter:card\" content=\"summary_large_image\" \/>\n<meta name=\"twitter:creator\" content=\"@PEFC_Catalunya\" \/>\n<meta name=\"twitter:site\" content=\"@PEFC_Catalunya\" \/>\n<meta name=\"twitter:label1\" content=\"Escrito por\" \/>\n\t<meta name=\"twitter:data1\" content=\"comunicacio\" \/>\n<script type=\"application\/ld+json\" class=\"yoast-schema-graph\">{\"@context\":\"https:\\\/\\\/schema.org\",\"@graph\":[{\"@type\":\"Article\",\"@id\":\"https:\\\/\\\/www.pefc.cat\\\/es\\\/entrevista-joaquin-araujo\\\/#article\",\"isPartOf\":{\"@id\":\"https:\\\/\\\/www.pefc.cat\\\/es\\\/entrevista-joaquin-araujo\\\/\"},\"author\":{\"name\":\"comunicacio\",\"@id\":\"https:\\\/\\\/www.pefc.cat\\\/#\\\/schema\\\/person\\\/26f51c1c3fa09af9fcbf3646ce008d82\"},\"headline\":\"Entrevista: Joaqu\u00edn Ara\u00fajo\",\"datePublished\":\"2021-12-21T12:10:33+00:00\",\"dateModified\":\"2021-12-21T12:17:23+00:00\",\"mainEntityOfPage\":{\"@id\":\"https:\\\/\\\/www.pefc.cat\\\/es\\\/entrevista-joaquin-araujo\\\/\"},\"wordCount\":5,\"commentCount\":0,\"publisher\":{\"@id\":\"https:\\\/\\\/www.pefc.cat\\\/#organization\"},\"image\":{\"@id\":\"https:\\\/\\\/www.pefc.cat\\\/es\\\/entrevista-joaquin-araujo\\\/#primaryimage\"},\"thumbnailUrl\":\"https:\\\/\\\/www.pefc.cat\\\/wp-content\\\/uploads\\\/Foto-Joaquin.png\",\"articleSection\":[\"Boscos\",\"Noticias\"],\"inLanguage\":\"es\",\"potentialAction\":[{\"@type\":\"CommentAction\",\"name\":\"Comment\",\"target\":[\"https:\\\/\\\/www.pefc.cat\\\/es\\\/entrevista-joaquin-araujo\\\/#respond\"]}]},{\"@type\":\"WebPage\",\"@id\":\"https:\\\/\\\/www.pefc.cat\\\/es\\\/entrevista-joaquin-araujo\\\/\",\"url\":\"https:\\\/\\\/www.pefc.cat\\\/es\\\/entrevista-joaquin-araujo\\\/\",\"name\":\"Entrevista: Joaqu\u00edn Ara\u00fajo - PEFC Catalunya\",\"isPartOf\":{\"@id\":\"https:\\\/\\\/www.pefc.cat\\\/#website\"},\"primaryImageOfPage\":{\"@id\":\"https:\\\/\\\/www.pefc.cat\\\/es\\\/entrevista-joaquin-araujo\\\/#primaryimage\"},\"image\":{\"@id\":\"https:\\\/\\\/www.pefc.cat\\\/es\\\/entrevista-joaquin-araujo\\\/#primaryimage\"},\"thumbnailUrl\":\"https:\\\/\\\/www.pefc.cat\\\/wp-content\\\/uploads\\\/Foto-Joaquin.png\",\"datePublished\":\"2021-12-21T12:10:33+00:00\",\"dateModified\":\"2021-12-21T12:17:23+00:00\",\"description\":\"Joaqu\u00edn Ponciano es un naturalista y autor espa\u00f1ol de numerosos libros. Columnista habitual en los principales peri\u00f3dicos de Espa\u00f1a, trabaja asimismo como director, realizador, guionista y presentador de series y documentales de televisi\u00f3n. Es presidente de Proyecto Gran Simio en Espa\u00f1a.\",\"breadcrumb\":{\"@id\":\"https:\\\/\\\/www.pefc.cat\\\/es\\\/entrevista-joaquin-araujo\\\/#breadcrumb\"},\"inLanguage\":\"es\",\"potentialAction\":[{\"@type\":\"ReadAction\",\"target\":[\"https:\\\/\\\/www.pefc.cat\\\/es\\\/entrevista-joaquin-araujo\\\/\"]}]},{\"@type\":\"ImageObject\",\"inLanguage\":\"es\",\"@id\":\"https:\\\/\\\/www.pefc.cat\\\/es\\\/entrevista-joaquin-araujo\\\/#primaryimage\",\"url\":\"https:\\\/\\\/www.pefc.cat\\\/wp-content\\\/uploads\\\/Foto-Joaquin.png\",\"contentUrl\":\"https:\\\/\\\/www.pefc.cat\\\/wp-content\\\/uploads\\\/Foto-Joaquin.png\",\"width\":433,\"height\":481},{\"@type\":\"BreadcrumbList\",\"@id\":\"https:\\\/\\\/www.pefc.cat\\\/es\\\/entrevista-joaquin-araujo\\\/#breadcrumb\",\"itemListElement\":[{\"@type\":\"ListItem\",\"position\":1,\"name\":\"Portada\",\"item\":\"https:\\\/\\\/www.pefc.cat\\\/es\\\/\"},{\"@type\":\"ListItem\",\"position\":2,\"name\":\"Entrevista: Joaqu\u00edn Ara\u00fajo\"}]},{\"@type\":\"WebSite\",\"@id\":\"https:\\\/\\\/www.pefc.cat\\\/#website\",\"url\":\"https:\\\/\\\/www.pefc.cat\\\/\",\"name\":\"PEFC Catalunya\",\"description\":\"Asociaci&oacute;n Catalana Promotora de la Certificaci&oacute;n Forestal, PEFC Catalunya\",\"publisher\":{\"@id\":\"https:\\\/\\\/www.pefc.cat\\\/#organization\"},\"potentialAction\":[{\"@type\":\"SearchAction\",\"target\":{\"@type\":\"EntryPoint\",\"urlTemplate\":\"https:\\\/\\\/www.pefc.cat\\\/?s={search_term_string}\"},\"query-input\":{\"@type\":\"PropertyValueSpecification\",\"valueRequired\":true,\"valueName\":\"search_term_string\"}}],\"inLanguage\":\"es\"},{\"@type\":\"Organization\",\"@id\":\"https:\\\/\\\/www.pefc.cat\\\/#organization\",\"name\":\"PEFC Catalunya\",\"url\":\"https:\\\/\\\/www.pefc.cat\\\/\",\"logo\":{\"@type\":\"ImageObject\",\"inLanguage\":\"es\",\"@id\":\"https:\\\/\\\/www.pefc.cat\\\/#\\\/schema\\\/logo\\\/image\\\/\",\"url\":\"https:\\\/\\\/www.pefc.cat\\\/wp-content\\\/uploads\\\/2020\\\/12\\\/logo-PEFC-serial.svg\",\"contentUrl\":\"https:\\\/\\\/www.pefc.cat\\\/wp-content\\\/uploads\\\/2020\\\/12\\\/logo-PEFC-serial.svg\",\"width\":\"1024\",\"height\":\"1024\",\"caption\":\"PEFC Catalunya\"},\"image\":{\"@id\":\"https:\\\/\\\/www.pefc.cat\\\/#\\\/schema\\\/logo\\\/image\\\/\"},\"sameAs\":[\"https:\\\/\\\/x.com\\\/PEFC_Catalunya\",\"https:\\\/\\\/www.linkedin.com\\\/company\\\/pefc-catalunya\\\/\"]},{\"@type\":\"Person\",\"@id\":\"https:\\\/\\\/www.pefc.cat\\\/#\\\/schema\\\/person\\\/26f51c1c3fa09af9fcbf3646ce008d82\",\"name\":\"comunicacio\",\"image\":{\"@type\":\"ImageObject\",\"inLanguage\":\"es\",\"@id\":\"https:\\\/\\\/secure.gravatar.com\\\/avatar\\\/652084eb6c47fad23faae12a89822116bef8233020b6f8cb9ab0f69313b9c319?s=96&d=mm&r=g\",\"url\":\"https:\\\/\\\/secure.gravatar.com\\\/avatar\\\/652084eb6c47fad23faae12a89822116bef8233020b6f8cb9ab0f69313b9c319?s=96&d=mm&r=g\",\"contentUrl\":\"https:\\\/\\\/secure.gravatar.com\\\/avatar\\\/652084eb6c47fad23faae12a89822116bef8233020b6f8cb9ab0f69313b9c319?s=96&d=mm&r=g\",\"caption\":\"comunicacio\"}}]}<\/script>\n<!-- \/ Yoast SEO plugin. -->","yoast_head_json":{"title":"Entrevista: Joaqu\u00edn Ara\u00fajo - PEFC Catalunya","description":"Joaqu\u00edn Ponciano es un naturalista y autor espa\u00f1ol de numerosos libros. Columnista habitual en los principales peri\u00f3dicos de Espa\u00f1a, trabaja asimismo como director, realizador, guionista y presentador de series y documentales de televisi\u00f3n. Es presidente de Proyecto Gran Simio en Espa\u00f1a.","robots":{"index":"index","follow":"follow","max-snippet":"max-snippet:-1","max-image-preview":"max-image-preview:large","max-video-preview":"max-video-preview:-1"},"canonical":"https:\/\/www.pefc.cat\/es\/entrevista-joaquin-araujo\/","og_locale":"es_ES","og_type":"article","og_title":"Entrevista: Joaqu\u00edn Ara\u00fajo - PEFC Catalunya","og_description":"Joaqu\u00edn Ponciano es un naturalista y autor espa\u00f1ol de numerosos libros. Columnista habitual en los principales peri\u00f3dicos de Espa\u00f1a, trabaja asimismo como director, realizador, guionista y presentador de series y documentales de televisi\u00f3n. Es presidente de Proyecto Gran Simio en Espa\u00f1a.","og_url":"https:\/\/www.pefc.cat\/es\/entrevista-joaquin-araujo\/","og_site_name":"PEFC Catalunya","article_published_time":"2021-12-21T12:10:33+00:00","article_modified_time":"2021-12-21T12:17:23+00:00","og_image":[{"width":433,"height":481,"url":"https:\/\/www.pefc.cat\/wp-content\/uploads\/Foto-Joaquin.png","type":"image\/png"}],"author":"comunicacio","twitter_card":"summary_large_image","twitter_creator":"@PEFC_Catalunya","twitter_site":"@PEFC_Catalunya","twitter_misc":{"Escrito por":"comunicacio"},"schema":{"@context":"https:\/\/schema.org","@graph":[{"@type":"Article","@id":"https:\/\/www.pefc.cat\/es\/entrevista-joaquin-araujo\/#article","isPartOf":{"@id":"https:\/\/www.pefc.cat\/es\/entrevista-joaquin-araujo\/"},"author":{"name":"comunicacio","@id":"https:\/\/www.pefc.cat\/#\/schema\/person\/26f51c1c3fa09af9fcbf3646ce008d82"},"headline":"Entrevista: Joaqu\u00edn Ara\u00fajo","datePublished":"2021-12-21T12:10:33+00:00","dateModified":"2021-12-21T12:17:23+00:00","mainEntityOfPage":{"@id":"https:\/\/www.pefc.cat\/es\/entrevista-joaquin-araujo\/"},"wordCount":5,"commentCount":0,"publisher":{"@id":"https:\/\/www.pefc.cat\/#organization"},"image":{"@id":"https:\/\/www.pefc.cat\/es\/entrevista-joaquin-araujo\/#primaryimage"},"thumbnailUrl":"https:\/\/www.pefc.cat\/wp-content\/uploads\/Foto-Joaquin.png","articleSection":["Boscos","Noticias"],"inLanguage":"es","potentialAction":[{"@type":"CommentAction","name":"Comment","target":["https:\/\/www.pefc.cat\/es\/entrevista-joaquin-araujo\/#respond"]}]},{"@type":"WebPage","@id":"https:\/\/www.pefc.cat\/es\/entrevista-joaquin-araujo\/","url":"https:\/\/www.pefc.cat\/es\/entrevista-joaquin-araujo\/","name":"Entrevista: Joaqu\u00edn Ara\u00fajo - PEFC Catalunya","isPartOf":{"@id":"https:\/\/www.pefc.cat\/#website"},"primaryImageOfPage":{"@id":"https:\/\/www.pefc.cat\/es\/entrevista-joaquin-araujo\/#primaryimage"},"image":{"@id":"https:\/\/www.pefc.cat\/es\/entrevista-joaquin-araujo\/#primaryimage"},"thumbnailUrl":"https:\/\/www.pefc.cat\/wp-content\/uploads\/Foto-Joaquin.png","datePublished":"2021-12-21T12:10:33+00:00","dateModified":"2021-12-21T12:17:23+00:00","description":"Joaqu\u00edn Ponciano es un naturalista y autor espa\u00f1ol de numerosos libros. Columnista habitual en los principales peri\u00f3dicos de Espa\u00f1a, trabaja asimismo como director, realizador, guionista y presentador de series y documentales de televisi\u00f3n. Es presidente de Proyecto Gran Simio en Espa\u00f1a.","breadcrumb":{"@id":"https:\/\/www.pefc.cat\/es\/entrevista-joaquin-araujo\/#breadcrumb"},"inLanguage":"es","potentialAction":[{"@type":"ReadAction","target":["https:\/\/www.pefc.cat\/es\/entrevista-joaquin-araujo\/"]}]},{"@type":"ImageObject","inLanguage":"es","@id":"https:\/\/www.pefc.cat\/es\/entrevista-joaquin-araujo\/#primaryimage","url":"https:\/\/www.pefc.cat\/wp-content\/uploads\/Foto-Joaquin.png","contentUrl":"https:\/\/www.pefc.cat\/wp-content\/uploads\/Foto-Joaquin.png","width":433,"height":481},{"@type":"BreadcrumbList","@id":"https:\/\/www.pefc.cat\/es\/entrevista-joaquin-araujo\/#breadcrumb","itemListElement":[{"@type":"ListItem","position":1,"name":"Portada","item":"https:\/\/www.pefc.cat\/es\/"},{"@type":"ListItem","position":2,"name":"Entrevista: Joaqu\u00edn Ara\u00fajo"}]},{"@type":"WebSite","@id":"https:\/\/www.pefc.cat\/#website","url":"https:\/\/www.pefc.cat\/","name":"PEFC Catalunya","description":"Asociaci&oacute;n Catalana Promotora de la Certificaci&oacute;n Forestal, PEFC Catalunya","publisher":{"@id":"https:\/\/www.pefc.cat\/#organization"},"potentialAction":[{"@type":"SearchAction","target":{"@type":"EntryPoint","urlTemplate":"https:\/\/www.pefc.cat\/?s={search_term_string}"},"query-input":{"@type":"PropertyValueSpecification","valueRequired":true,"valueName":"search_term_string"}}],"inLanguage":"es"},{"@type":"Organization","@id":"https:\/\/www.pefc.cat\/#organization","name":"PEFC Catalunya","url":"https:\/\/www.pefc.cat\/","logo":{"@type":"ImageObject","inLanguage":"es","@id":"https:\/\/www.pefc.cat\/#\/schema\/logo\/image\/","url":"https:\/\/www.pefc.cat\/wp-content\/uploads\/2020\/12\/logo-PEFC-serial.svg","contentUrl":"https:\/\/www.pefc.cat\/wp-content\/uploads\/2020\/12\/logo-PEFC-serial.svg","width":"1024","height":"1024","caption":"PEFC Catalunya"},"image":{"@id":"https:\/\/www.pefc.cat\/#\/schema\/logo\/image\/"},"sameAs":["https:\/\/x.com\/PEFC_Catalunya","https:\/\/www.linkedin.com\/company\/pefc-catalunya\/"]},{"@type":"Person","@id":"https:\/\/www.pefc.cat\/#\/schema\/person\/26f51c1c3fa09af9fcbf3646ce008d82","name":"comunicacio","image":{"@type":"ImageObject","inLanguage":"es","@id":"https:\/\/secure.gravatar.com\/avatar\/652084eb6c47fad23faae12a89822116bef8233020b6f8cb9ab0f69313b9c319?s=96&d=mm&r=g","url":"https:\/\/secure.gravatar.com\/avatar\/652084eb6c47fad23faae12a89822116bef8233020b6f8cb9ab0f69313b9c319?s=96&d=mm&r=g","contentUrl":"https:\/\/secure.gravatar.com\/avatar\/652084eb6c47fad23faae12a89822116bef8233020b6f8cb9ab0f69313b9c319?s=96&d=mm&r=g","caption":"comunicacio"}}]}},"_links":{"self":[{"href":"https:\/\/www.pefc.cat\/es\/wp-json\/wp\/v2\/posts\/2034","targetHints":{"allow":["GET"]}}],"collection":[{"href":"https:\/\/www.pefc.cat\/es\/wp-json\/wp\/v2\/posts"}],"about":[{"href":"https:\/\/www.pefc.cat\/es\/wp-json\/wp\/v2\/types\/post"}],"author":[{"embeddable":true,"href":"https:\/\/www.pefc.cat\/es\/wp-json\/wp\/v2\/users\/7"}],"replies":[{"embeddable":true,"href":"https:\/\/www.pefc.cat\/es\/wp-json\/wp\/v2\/comments?post=2034"}],"version-history":[{"count":0,"href":"https:\/\/www.pefc.cat\/es\/wp-json\/wp\/v2\/posts\/2034\/revisions"}],"wp:featuredmedia":[{"embeddable":true,"href":"https:\/\/www.pefc.cat\/es\/wp-json\/wp\/v2\/media\/2032"}],"wp:attachment":[{"href":"https:\/\/www.pefc.cat\/es\/wp-json\/wp\/v2\/media?parent=2034"}],"wp:term":[{"taxonomy":"category","embeddable":true,"href":"https:\/\/www.pefc.cat\/es\/wp-json\/wp\/v2\/categories?post=2034"},{"taxonomy":"post_tag","embeddable":true,"href":"https:\/\/www.pefc.cat\/es\/wp-json\/wp\/v2\/tags?post=2034"}],"curies":[{"name":"wp","href":"https:\/\/api.w.org\/{rel}","templated":true}]}}